{"id":38673,"date":"2019-06-04T15:14:10","date_gmt":"2019-06-04T19:14:10","guid":{"rendered":"https:\/\/linitiative.ca\/International\/international-real-madrid-mariano-se-devoile-sur-son-avenir\/"},"modified":"2019-06-04T15:14:10","modified_gmt":"2019-06-04T19:14:10","slug":"international-real-madrid-mariano-se-devoile-sur-son-avenir","status":"publish","type":"post","link":"https:\/\/linitiative.ca\/International\/international-real-madrid-mariano-se-devoile-sur-son-avenir\/","title":{"rendered":"International : Real Madrid : Mariano se d\u00e9voile sur son avenir"},"content":{"rendered":"<div readability=\"32\">\n<p>Auteur : <span class=\"time\">mardi 04 juin 2019 15:00<\/span><\/p>\n<\/div>\n<div id=\"post_core\" readability=\"51\">\n<p>En effet que ce soit avec Julen Lopetegui, Santiago Solari et maintenant Zinedine Zidane, l\u2019international dominicain a toujours \u00e9t\u00e9 consid\u00e9r\u00e9 comme un rempla\u00e7ant. Pas \u00e9pargn\u00e9 par les blessures, Mariano Diaz a d\u00fb se contenter de bouts de match et a cumul\u00e9 seulement 746 minutes de jeu en 22 apparitions toutes comp\u00e9titions confondues sous le maillot Merengue.<\/p>\n<p>Alors que l\u2019ancien Lyonnais ne semble plus rentrer dans les plans de Zinedine Zidane pour la saison prochaine, Mariano Diaz a fait passer un message \u00e0 l\u2019entra\u00eeneur fran\u00e7ais. Dans des propos relay\u00e9s par 90 min, le dominicain a exprim\u00e9 son souhait de rester et de s&rsquo;imposer comme un titulaire indiscutable au Real Madrid. \u00ab\u00a0Non, je ne vais pas changer. C&rsquo;est mon \u00e9quipe. Je reste, jusqu&rsquo;\u00e0 ce que nous gagnions beaucoup de titres. Mon id\u00e9e est de continuer \u00e0 Madrid. Je veux montrer ce que je suis capable de faire. Je me suis battu pour aller au Real Madrid. J&rsquo;ai travaill\u00e9 dur, j&rsquo;ai toujours voulu \u00e7a. Maintenant que je suis ici, je vais essayer de faire de mon mieux pour jouer dans la meilleure \u00e9quipe du monde.\u00a0\u00bb<\/p>\n<p><strong>Publi\u00e9 dans :<\/strong> <span>real madrid<\/span> <span>Mariano<\/span><\/p>\n<\/div>\n<p>Auteur:<br \/>\n<a href=\"http:\/\/www.lebuteur.com\/article\/detail?titre=real-madrid-mariano-se-devoile-sur-son-avenir&#038;id=89339&#038;utm_source=feedburner&#038;utm_medium=feed&#038;utm_campaign=Feed%3A+GalerieFArtciles+%28Les+derniers+articles++-+lebuteur.com%29\">Cliquez ici pour lire l&rsquo;article depuis sa source.<\/a><\/p>\n","protected":false},"excerpt":{"rendered":"<p>Auteur : mardi 04 juin 2019 15:00 En effet que ce soit avec Julen Lopetegui, Santiago Solari et maintenant Zinedine Zidane, l\u2019international dominicain a toujours \u00e9t\u00e9 consid\u00e9r\u00e9 comme un rempla\u00e7ant. Pas \u00e9pargn\u00e9 par les blessures, Mariano Diaz a d\u00fb se contenter de bouts de match et a cumul\u00e9 seulement 746 minutes de jeu en 22 [&hellip;]<\/p>\n","protected":false},"author":1738,"featured_media":38674,"comment_status":"closed","ping_status":"closed","sticky":false,"template":"","format":"standard","meta":{"fifu_image_url":"","fifu_image_alt":"","footnotes":""},"categories":[53,75],"tags":[],"class_list":["post-38673","post","type-post","status-publish","format-standard","has-post-thumbnail","hentry","category-algerie","category-sport"],"_links":{"self":[{"href":"https:\/\/linitiative.ca\/International\/wp-json\/wp\/v2\/posts\/38673","targetHints":{"allow":["GET"]}}],"collection":[{"href":"https:\/\/linitiative.ca\/International\/wp-json\/wp\/v2\/posts"}],"about":[{"href":"https:\/\/linitiative.ca\/International\/wp-json\/wp\/v2\/types\/post"}],"author":[{"embeddable":true,"href":"https:\/\/linitiative.ca\/International\/wp-json\/wp\/v2\/users\/1738"}],"replies":[{"embeddable":true,"href":"https:\/\/linitiative.ca\/International\/wp-json\/wp\/v2\/comments?post=38673"}],"version-history":[{"count":0,"href":"https:\/\/linitiative.ca\/International\/wp-json\/wp\/v2\/posts\/38673\/revisions"}],"wp:featuredmedia":[{"embeddable":true,"href":"https:\/\/linitiative.ca\/International\/wp-json\/"}],"wp:attachment":[{"href":"https:\/\/linitiative.ca\/International\/wp-json\/wp\/v2\/media?parent=38673"}],"wp:term":[{"taxonomy":"category","embeddable":true,"href":"https:\/\/linitiative.ca\/International\/wp-json\/wp\/v2\/categories?post=38673"},{"taxonomy":"post_tag","embeddable":true,"href":"https:\/\/linitiative.ca\/International\/wp-json\/wp\/v2\/tags?post=38673"}],"curies":[{"name":"wp","href":"https:\/\/api.w.org\/{rel}","templated":true}]}}