{"id":38675,"date":"2019-06-03T19:00:00","date_gmt":"2019-06-03T23:00:00","guid":{"rendered":"https:\/\/linitiative.ca\/International\/tizi-ouzou-pres-de-3-000-commerces-requisitionnes\/"},"modified":"2019-06-03T19:00:00","modified_gmt":"2019-06-03T23:00:00","slug":"tizi-ouzou-pres-de-3-000-commerces-requisitionnes","status":"publish","type":"post","link":"https:\/\/linitiative.ca\/International\/tizi-ouzou-pres-de-3-000-commerces-requisitionnes\/","title":{"rendered":"Tizi Ouzou  : Pr\u00e8s de 3.000 commerces r\u00e9quisitionn\u00e9s"},"content":{"rendered":"<p>Comme de coutume, la direction du commerce de la wilaya de Tizi-Ouzou, a pr\u00e9vu \u00e0 l\u2019occasion de l\u2019Aid El fitr un dispositif de permanence des diff\u00e9rents commerces de la wilaya. Ainsi, pr\u00e8s de 3.000 commer\u00e7ants des diff\u00e9rentes localit\u00e9s de la wilaya sont r\u00e9quisitionn\u00e9s pour les deux journ\u00e9es de cette f\u00eate afin d\u2019assurer la disponibilit\u00e9 de tous les produits alimentaires et autres.<br \/>Outre les commerces d\u2019alimentations g\u00e9n\u00e9rales et de fruits et l\u00e9gumes qui y assureront cette permanence, la direction de commerce a \u00e9galement r\u00e9quisitionn\u00e9 140 boulangeries, 3 laiteries, 8 minoteries ainsi que des restaurants implant\u00e9s \u00e0 l\u2019int\u00e9rieur des stations services qui sont, elles aussi, concern\u00e9es par cette permanence. Ce nombre de commer\u00e7ants r\u00e9quisitionn\u00e9s pour la f\u00eate de l\u2019Aid El Fitr est largement suffisant pour assurer l\u2019approvisionnement des citoyens durant ces deux journ\u00e9es de f\u00eate d\u2019autant que plusieurs autres commerces non concern\u00e9s par cette r\u00e9quisition restent ouverts durant ces deux journ\u00e9es de f\u00eate, avions nous constat\u00e9 lors des pr\u00e9c\u00e9dentes f\u00eates.<br \/>La direction du commerce a insist\u00e9 sur l\u2019obligation du respect stricte de cette permanence faute de quoi les contrevenants seront s\u00e9v\u00e8rement sanctionn\u00e9s conform\u00e9ment \u00e0 la r\u00e9glementation en vigueur.<br \/>Ainsi \u00e0 l\u2019effet de ne pas p\u00e9naliser les consommateurs et de leur permettre d\u2019avoir acc\u00e8s aux produits alimentaires et autres, des superettes, cr\u00e9meries, boulangeries, boucheries et laiteries, entres autres, sont appel\u00e9s \u00e0 \u00eatre de service pendant ces journ\u00e9es de l\u2019A\u00efd. Esp\u00e9rons que la gr\u00e8ve des agents des services de contr\u00f4le de la qualit\u00e9 et de la r\u00e9pression des fraudes ne sera pas mise \u00e0 profit par les commer\u00e7ants r\u00e9quisitionn\u00e9s pour ne pas assurer le service.<br \/>La conscience de ces commer\u00e7ants est vivement interpell\u00e9e pour laisser leurs commerces ouverts et permettre aux citoyens de s\u2019approvisionner normalement en produits alimentaires durant ces deux journ\u00e9es de f\u00eate.<br \/>La direction Naftal a de son c\u00f4t\u00e9 pris toutes les dispositions n\u00e9cessaires pour assurer la disponibilit\u00e9 durant cette m\u00eame f\u00eate des carburants \u00e0 travers toutes ses stations r\u00e9parties \u00e0 travers l\u2019ensemble du territoire de la wilaya de Tizi-Ouzou.<br \/>\u00a0\u00a0 \u00a0Bel. Adrar<br \/>\u00a0<\/p>\n<p>Auteur: elmoudjahid<br \/>\n<a href=\"http:\/\/www.elmoudjahid.com\/fr\/actualites\/137690\">Cliquez ici pour lire l&rsquo;article depuis sa source.<\/a><\/p>\n","protected":false},"excerpt":{"rendered":"<p>Comme de coutume, la direction du commerce de la wilaya de Tizi-Ouzou, a pr\u00e9vu \u00e0 l\u2019occasion de l\u2019Aid El fitr un dispositif de permanence des diff\u00e9rents commerces de la wilaya. Ainsi, pr\u00e8s de 3.000 commer\u00e7ants des diff\u00e9rentes localit\u00e9s de la wilaya sont r\u00e9quisitionn\u00e9s pour les deux journ\u00e9es de cette f\u00eate afin d\u2019assurer la disponibilit\u00e9 de [&hellip;]<\/p>\n","protected":false},"author":1744,"featured_media":0,"comment_status":"closed","ping_status":"closed","sticky":false,"template":"","format":"standard","meta":{"fifu_image_url":"","fifu_image_alt":"","footnotes":""},"categories":[73,53],"tags":[],"class_list":["post-38675","post","type-post","status-publish","format-standard","hentry","category-actualite","category-algerie"],"_links":{"self":[{"href":"https:\/\/linitiative.ca\/International\/wp-json\/wp\/v2\/posts\/38675","targetHints":{"allow":["GET"]}}],"collection":[{"href":"https:\/\/linitiative.ca\/International\/wp-json\/wp\/v2\/posts"}],"about":[{"href":"https:\/\/linitiative.ca\/International\/wp-json\/wp\/v2\/types\/post"}],"author":[{"embeddable":true,"href":"https:\/\/linitiative.ca\/International\/wp-json\/wp\/v2\/users\/1744"}],"replies":[{"embeddable":true,"href":"https:\/\/linitiative.ca\/International\/wp-json\/wp\/v2\/comments?post=38675"}],"version-history":[{"count":0,"href":"https:\/\/linitiative.ca\/International\/wp-json\/wp\/v2\/posts\/38675\/revisions"}],"wp:attachment":[{"href":"https:\/\/linitiative.ca\/International\/wp-json\/wp\/v2\/media?parent=38675"}],"wp:term":[{"taxonomy":"category","embeddable":true,"href":"https:\/\/linitiative.ca\/International\/wp-json\/wp\/v2\/categories?post=38675"},{"taxonomy":"post_tag","embeddable":true,"href":"https:\/\/linitiative.ca\/International\/wp-json\/wp\/v2\/tags?post=38675"}],"curies":[{"name":"wp","href":"https:\/\/api.w.org\/{rel}","templated":true}]}}