{"id":38676,"date":"2019-06-04T15:19:03","date_gmt":"2019-06-04T19:19:03","guid":{"rendered":"https:\/\/linitiative.ca\/International\/algerie-telecom-appels-gratuits-du-fixe-vers-le-fixe\/"},"modified":"2019-06-04T15:19:03","modified_gmt":"2019-06-04T19:19:03","slug":"algerie-telecom-appels-gratuits-du-fixe-vers-le-fixe","status":"publish","type":"post","link":"https:\/\/linitiative.ca\/International\/algerie-telecom-appels-gratuits-du-fixe-vers-le-fixe\/","title":{"rendered":"Alg\u00e9rie T\u00e9l\u00e9com :  Appels gratuits du fixe vers le fixe"},"content":{"rendered":"<p>Les appels t\u00e9l\u00e9phonique du fixe vers le fixe seront gratuits durant les deux jours de l&rsquo;Aid El Fitr, a annonc\u00e9 lundi Alg\u00e9rie T\u00e9l\u00e9com (AT), qui met en avant des offres de r\u00e9ductions du fixe vers tous les r\u00e9seaux mobiles durant cette p\u00e9riode. \u00abA l&rsquo;occasion de l&rsquo;Aid El Fitr, Alg\u00e9rie T\u00e9l\u00e9com invite ses clients \u00e0 profiter des appels gratuits illimit\u00e9s du fixe vers le fixe durant les deux jours de l&rsquo;Aid\u00bb, pr\u00e9cise AT dans un communiqu\u00e9.<br \/>De plus, AT \u00aboffre des r\u00e9ductions vers tous les r\u00e9seaux mobiles, \u00e0 1 DA seulement les 30 secondes 24h\/24 et des r\u00e9ductions sur les appels vers le fixe international \u00e0 3 DA\/minute \u00e0 partir de la 3e minute, soit l&rsquo;\u00e9quivalent d&rsquo;un appel local pour les destinations suivantes : France, Italie, Maroc, Allemagne, Chine, Argentine, Angleterre, Espagne, USA et Canada\u00bb, ajoute-t-on. L&rsquo;op\u00e9rateur public \u00abs&rsquo;engage \u00e0 assurer le meilleur de ses services durant le deuxi\u00e8me jour de l&rsquo;A\u00efd El Fitr, en mobilisant des brigades commerciales et techniques afin de garantir la continuit\u00e9 du service, la rel\u00e8ve des d\u00e9rangements et la maintenance du r\u00e9seau tout au long de cette journ\u00e9e sacr\u00e9e\u00bb, faisant savoir que ses principales agences commerciales seront ouvertes de 10h \u00e0 15h durant le 2e jour de l\u2019Aid El Fitr sur tout le territoire national\u00bb.\u00a0 Les agences concern\u00e9es par ces horaires sont au niveau d&rsquo;Alger : Oued Smar, Bordj El Kiffan, Kouba, Aissat Idir, Ben M&rsquo;hidi, Bir Mourad Rais, Ch\u00e9raga, Bab El Oued, El Biar et Z\u00e9ralda.<br \/>\u00a0<\/p>\n<p>Auteur: elmoudjahid<br \/>\n<a href=\"http:\/\/www.elmoudjahid.com\/fr\/actualites\/137691\">Cliquez ici pour lire l&rsquo;article depuis sa source.<\/a><\/p>\n","protected":false},"excerpt":{"rendered":"<p>Les appels t\u00e9l\u00e9phonique du fixe vers le fixe seront gratuits durant les deux jours de l&rsquo;Aid El Fitr, a annonc\u00e9 lundi Alg\u00e9rie T\u00e9l\u00e9com (AT), qui met en avant des offres de r\u00e9ductions du fixe vers tous les r\u00e9seaux mobiles durant cette p\u00e9riode. \u00abA l&rsquo;occasion de l&rsquo;Aid El Fitr, Alg\u00e9rie T\u00e9l\u00e9com invite ses clients \u00e0 profiter [&hellip;]<\/p>\n","protected":false},"author":1744,"featured_media":0,"comment_status":"closed","ping_status":"closed","sticky":false,"template":"","format":"standard","meta":{"fifu_image_url":"","fifu_image_alt":"","footnotes":""},"categories":[73,53],"tags":[],"class_list":["post-38676","post","type-post","status-publish","format-standard","hentry","category-actualite","category-algerie"],"_links":{"self":[{"href":"https:\/\/linitiative.ca\/International\/wp-json\/wp\/v2\/posts\/38676","targetHints":{"allow":["GET"]}}],"collection":[{"href":"https:\/\/linitiative.ca\/International\/wp-json\/wp\/v2\/posts"}],"about":[{"href":"https:\/\/linitiative.ca\/International\/wp-json\/wp\/v2\/types\/post"}],"author":[{"embeddable":true,"href":"https:\/\/linitiative.ca\/International\/wp-json\/wp\/v2\/users\/1744"}],"replies":[{"embeddable":true,"href":"https:\/\/linitiative.ca\/International\/wp-json\/wp\/v2\/comments?post=38676"}],"version-history":[{"count":0,"href":"https:\/\/linitiative.ca\/International\/wp-json\/wp\/v2\/posts\/38676\/revisions"}],"wp:attachment":[{"href":"https:\/\/linitiative.ca\/International\/wp-json\/wp\/v2\/media?parent=38676"}],"wp:term":[{"taxonomy":"category","embeddable":true,"href":"https:\/\/linitiative.ca\/International\/wp-json\/wp\/v2\/categories?post=38676"},{"taxonomy":"post_tag","embeddable":true,"href":"https:\/\/linitiative.ca\/International\/wp-json\/wp\/v2\/tags?post=38676"}],"curies":[{"name":"wp","href":"https:\/\/api.w.org\/{rel}","templated":true}]}}