{"id":38677,"date":"2019-06-04T15:19:05","date_gmt":"2019-06-04T19:19:05","guid":{"rendered":"https:\/\/linitiative.ca\/International\/communaute-nationale-a-letranger-des-mesures-de-facilitation\/"},"modified":"2019-06-04T15:19:05","modified_gmt":"2019-06-04T19:19:05","slug":"communaute-nationale-a-letranger-des-mesures-de-facilitation","status":"publish","type":"post","link":"https:\/\/linitiative.ca\/International\/communaute-nationale-a-letranger-des-mesures-de-facilitation\/","title":{"rendered":"Communaut\u00e9 nationale \u00e0 l\u2019\u00e9tranger  :  Des mesures de facilitation"},"content":{"rendered":"<p>La brigade de la Police aux fronti\u00e8res (PAF) de la nouvelle a\u00e9rogare d&rsquo;Alger a mis en place, \u00e0 l&rsquo;occasion de l&rsquo;A\u00efd El Fitr, un dispositif de s\u00e9curit\u00e9 global et moderne au profit des voyageurs parmi les membres de la communaut\u00e9 nationale de retour au pays, et ce depuis la descente de l&rsquo;avion jusqu&rsquo;\u00e0 leur sortie de l&rsquo;a\u00e9roport, a indiqu\u00e9 le commissaire principal charg\u00e9 de la s\u00e9curisation de l&rsquo;a\u00e9rogare.<br \/>A l&rsquo;occasion de l&rsquo;A\u00efd El Fitr, un ensemble de mesures de s\u00e9curit\u00e9 et de facilitations ont \u00e9t\u00e9 prises au profit des membres de la communaut\u00e9 nationale venus passer la f\u00eate de A\u00efd El Fitr avec leurs familles, et ce tout au long du parcours qu&#8217;empruntera le voyageur depuis sa descente de l&rsquo;avion jusqu&rsquo;\u00e0 sa sortie de la zone portuaire\u00bb, a affirm\u00e9 le commissaire principal, Amrane Arezki, qui a soulign\u00e9 que ces facilitations seront maintenues tout au long de la saison estivale. A ce propos, il a indiqu\u00e9 que pas moins de 1.000 policiers, affect\u00e9s \u00e0 la nouvelle a\u00e9rogare, ont pour missions de veiller en coordination avec les diff\u00e9rents partenaires, au confort et \u00e0 la s\u00e9curit\u00e9 des voyageurs.<br \/>\u00a0D&rsquo;autre part, le Commissaire principal a fait \u00e9tat du contr\u00f4le, durant les premiers mois de l&rsquo;ann\u00e9e en cours, de plus de 2 million de voyageurs et du traitement de 521 affaires relatives, pour la plupart, aux infractions \u00e0 la l\u00e9gislation et \u00e0 la r\u00e9glementation des changes et des mouvements de capitaux de\/et vers l&rsquo;\u00e9tranger, au faux et usage de faux et \u00e0 des infractions \u00e0 la l\u00e9gislation internationale. Par ailleurs, le chef de la brigade Tramway, le commissaire de police, Djamel Boumhane a fait savoir qu&rsquo;une patrouille sp\u00e9ciale a \u00e9t\u00e9 mobilis\u00e9e en pr\u00e9vision de l&rsquo;A\u00efd El Fitr en vue de faciliter le d\u00e9placement des voyageurs lors des deux jours f\u00e9ri\u00e9s \u00e0 travers 19 stations de m\u00e9tro et 37 stations de tramway.<br \/>\u00a0Il a r\u00e9v\u00e9l\u00e9 que pendant le premier semestre de l&rsquo;ann\u00e9e en cours, les contr\u00f4les effectu\u00e9s au niveau des stations de m\u00e9tro et de tramway et qui ont concern\u00e9 41.038 personnes se sont sold\u00e9s par l&rsquo;arrestation de 83 individus pour port d&rsquo;armes blanches et 64 autres pour d\u00e9tention de psychotropes, un bilan qualifi\u00e9 par le m\u00eame responsable, de \u00abpositif\u00bb.<\/p>\n<p>Auteur: elmoudjahid<br \/>\n<a href=\"http:\/\/www.elmoudjahid.com\/fr\/actualites\/137692\">Cliquez ici pour lire l&rsquo;article depuis sa source.<\/a><\/p>\n","protected":false},"excerpt":{"rendered":"<p>La brigade de la Police aux fronti\u00e8res (PAF) de la nouvelle a\u00e9rogare d&rsquo;Alger a mis en place, \u00e0 l&rsquo;occasion de l&rsquo;A\u00efd El Fitr, un dispositif de s\u00e9curit\u00e9 global et moderne au profit des voyageurs parmi les membres de la communaut\u00e9 nationale de retour au pays, et ce depuis la descente de l&rsquo;avion jusqu&rsquo;\u00e0 leur sortie [&hellip;]<\/p>\n","protected":false},"author":1744,"featured_media":0,"comment_status":"closed","ping_status":"closed","sticky":false,"template":"","format":"standard","meta":{"fifu_image_url":"","fifu_image_alt":"","footnotes":""},"categories":[73,53],"tags":[],"class_list":["post-38677","post","type-post","status-publish","format-standard","hentry","category-actualite","category-algerie"],"_links":{"self":[{"href":"https:\/\/linitiative.ca\/International\/wp-json\/wp\/v2\/posts\/38677","targetHints":{"allow":["GET"]}}],"collection":[{"href":"https:\/\/linitiative.ca\/International\/wp-json\/wp\/v2\/posts"}],"about":[{"href":"https:\/\/linitiative.ca\/International\/wp-json\/wp\/v2\/types\/post"}],"author":[{"embeddable":true,"href":"https:\/\/linitiative.ca\/International\/wp-json\/wp\/v2\/users\/1744"}],"replies":[{"embeddable":true,"href":"https:\/\/linitiative.ca\/International\/wp-json\/wp\/v2\/comments?post=38677"}],"version-history":[{"count":0,"href":"https:\/\/linitiative.ca\/International\/wp-json\/wp\/v2\/posts\/38677\/revisions"}],"wp:attachment":[{"href":"https:\/\/linitiative.ca\/International\/wp-json\/wp\/v2\/media?parent=38677"}],"wp:term":[{"taxonomy":"category","embeddable":true,"href":"https:\/\/linitiative.ca\/International\/wp-json\/wp\/v2\/categories?post=38677"},{"taxonomy":"post_tag","embeddable":true,"href":"https:\/\/linitiative.ca\/International\/wp-json\/wp\/v2\/tags?post=38677"}],"curies":[{"name":"wp","href":"https:\/\/api.w.org\/{rel}","templated":true}]}}