{"id":38679,"date":"2019-06-04T15:19:10","date_gmt":"2019-06-04T19:19:10","guid":{"rendered":"https:\/\/linitiative.ca\/International\/report-de-lelection-presidentielle-les-partis-appellent-a-un-dialogue-serieux\/"},"modified":"2019-06-04T15:19:10","modified_gmt":"2019-06-04T19:19:10","slug":"report-de-lelection-presidentielle-les-partis-appellent-a-un-dialogue-serieux","status":"publish","type":"post","link":"https:\/\/linitiative.ca\/International\/report-de-lelection-presidentielle-les-partis-appellent-a-un-dialogue-serieux\/","title":{"rendered":"Report de l\u2019\u00e9lection pr\u00e9sidentielle : Les partis appellent \u00e0 un dialogue s\u00e9rieux"},"content":{"rendered":"<p>Dans son communiqu\u00e9 de presse, il a pr\u00e9cis\u00e9 que c\u2019est d\u00e9sormais au Chef d\u2019Etat par int\u00e9rim, Abdelkader Bensalah, de d\u00e9cider de convoquer de nouveau le corps \u00e9lectoral et de parachever, par la m\u00eame, le processus \u00e9lectoral jusqu\u2019\u00e0 l\u2019\u00e9lection d\u2019un pr\u00e9sident de la R\u00e9publique et la prestation de serment.<br \/>Les r\u00e9actions \u00e0 l\u2019annonce n\u2019ont pas tard\u00e9, notamment des chefs des partis politiques qui ont estim\u00e9 que cette d\u00e9cision \u00e9tait tr\u00e8s attendue, compte tenu du rejet populaire de ce scrutin. Ils ont \u00e9galement soulign\u00e9 la n\u00e9cessit\u00e9 d&rsquo;engager un dialogue \u00abs\u00e9rieux\u00bb et \u00abresponsable\u00bb afin de fixer une nouvelle date de ce scrutin.<br \/>C\u2019est dans ce contexte que le pr\u00e9sident du Front pour la justice et le d\u00e9veloppement (FJD), Abdallah Djaballah, a d\u00e9clar\u00e9 qu\u2019il s\u2019attendait au report de cette \u00e9lection que le mouvement populaire rejette. \u00abLe peuple veut que l\u2019organisation des \u00e9lections soit confi\u00e9e \u00e0 des personnalit\u00e9s dignes de confiance\u00bb, a-t-il soulign\u00e9.<br \/>Pour sa part, le secr\u00e9taire g\u00e9n\u00e9ral de l\u2019Alliance nationale r\u00e9publicaine (ANR), Belkacem Sahli, a appel\u00e9 \u00e0 un dialogue \u00aburgent\u00bb et \u00abresponsable\u00bb, en vue de fixer une nouvelle date pour l\u2019\u00e9lection\u00a0 pr\u00e9sidentielle, et de cr\u00e9er \u00abtoutes\u00bb les conditions susceptibles d\u2019assurer sa \u00abtransparence\u00bb, et ce par l\u2019installation d&rsquo;une commission nationale ind\u00e9pendante qui sera charg\u00e9e d\u2019organiser le scrutin.<br \/>Le pr\u00e9sident du parti Fadjr El-Djadid a estim\u00e9 de son c\u00f4t\u00e9 que la d\u00e9claration du Conseil constitutionnel quant \u00e0 l\u2019impossibilit\u00e9 de tenir l\u2019\u00e9lection\u00a0 pr\u00e9sidentielle \u00e0 la date du 4 juillet prochain n\u2019est pas une \u00absurprise\u00bb et \u00e9tait \u00abattendue\u00bb, et affirm\u00e9 que notre pays se trouve aujourd\u2019hui dans une situation de \u00abvide constitutionnel\u00bb. Tahar Benba\u00efbeche a soulign\u00e9 la n\u00e9cessit\u00e9 d\u2019aller vers un dialogue \u00abdirect\u00bb entre toutes les parties afin de fixer une nouvelle date et de mettre en place les m\u00e9canismes de cr\u00e9ation de l\u2019instance nationale d\u2019organisation des \u00e9lections. Au MSP, on insiste sur la n\u00e9cessit\u00e9 de fournir \u00abtoutes les garanties\u00bb permettant d\u2019instaurer un dialogue \u00abs\u00e9rieux\u00bb et \u00absinc\u00e8re\u00bb, \u00e0 m\u00eame de fixer une nouvelle date de la pr\u00e9sidentielle.<br \/>Aux yeux d\u2019Abderazak Makri, le report des \u00e9lections \u00e9tait \u00abpr\u00e9visible\u00bb et qu\u2019il appartient aujourd\u2019hui de \u00abtirer parti\u00bb de cette le\u00e7on quant \u00e0 l&rsquo;impossibilit\u00e9 d\u2019aller \u00abau-del\u00e0\u00bb de la volont\u00e9 du peuple.<br \/>Le Front des forces socialistes a d\u00e9clar\u00e9, dans un communiqu\u00e9 de presse, que l\u2019annulation de l\u2019\u00e9lection est un \u00abautre acquis\u00bb de la r\u00e9volution populaire. Le FFS estime aussi que le chemin reste \u00abencore long pour concr\u00e9tiser toutes les revendications l\u00e9gitimes du peuple\u00bb.<br \/><strong>\u00a0\u00a0 \u00a0Salima Ettouahria<\/strong><\/p>\n<p>Auteur: elmoudjahid<br \/>\n<a href=\"http:\/\/www.elmoudjahid.com\/fr\/actualites\/137694\">Cliquez ici pour lire l&rsquo;article depuis sa source.<\/a><\/p>\n","protected":false},"excerpt":{"rendered":"<p>Dans son communiqu\u00e9 de presse, il a pr\u00e9cis\u00e9 que c\u2019est d\u00e9sormais au Chef d\u2019Etat par int\u00e9rim, Abdelkader Bensalah, de d\u00e9cider de convoquer de nouveau le corps \u00e9lectoral et de parachever, par la m\u00eame, le processus \u00e9lectoral jusqu\u2019\u00e0 l\u2019\u00e9lection d\u2019un pr\u00e9sident de la R\u00e9publique et la prestation de serment.Les r\u00e9actions \u00e0 l\u2019annonce n\u2019ont pas tard\u00e9, notamment [&hellip;]<\/p>\n","protected":false},"author":1744,"featured_media":0,"comment_status":"closed","ping_status":"closed","sticky":false,"template":"","format":"standard","meta":{"fifu_image_url":"","fifu_image_alt":"","footnotes":""},"categories":[73,53],"tags":[],"class_list":["post-38679","post","type-post","status-publish","format-standard","hentry","category-actualite","category-algerie"],"_links":{"self":[{"href":"https:\/\/linitiative.ca\/International\/wp-json\/wp\/v2\/posts\/38679","targetHints":{"allow":["GET"]}}],"collection":[{"href":"https:\/\/linitiative.ca\/International\/wp-json\/wp\/v2\/posts"}],"about":[{"href":"https:\/\/linitiative.ca\/International\/wp-json\/wp\/v2\/types\/post"}],"author":[{"embeddable":true,"href":"https:\/\/linitiative.ca\/International\/wp-json\/wp\/v2\/users\/1744"}],"replies":[{"embeddable":true,"href":"https:\/\/linitiative.ca\/International\/wp-json\/wp\/v2\/comments?post=38679"}],"version-history":[{"count":0,"href":"https:\/\/linitiative.ca\/International\/wp-json\/wp\/v2\/posts\/38679\/revisions"}],"wp:attachment":[{"href":"https:\/\/linitiative.ca\/International\/wp-json\/wp\/v2\/media?parent=38679"}],"wp:term":[{"taxonomy":"category","embeddable":true,"href":"https:\/\/linitiative.ca\/International\/wp-json\/wp\/v2\/categories?post=38679"},{"taxonomy":"post_tag","embeddable":true,"href":"https:\/\/linitiative.ca\/International\/wp-json\/wp\/v2\/tags?post=38679"}],"curies":[{"name":"wp","href":"https:\/\/api.w.org\/{rel}","templated":true}]}}