{"id":38682,"date":"2019-06-04T15:19:16","date_gmt":"2019-06-04T19:19:16","guid":{"rendered":"https:\/\/linitiative.ca\/International\/syndicats-trois-nouvelles-organisations-enregistrees\/"},"modified":"2019-06-04T15:19:16","modified_gmt":"2019-06-04T19:19:16","slug":"syndicats-trois-nouvelles-organisations-enregistrees","status":"publish","type":"post","link":"https:\/\/linitiative.ca\/International\/syndicats-trois-nouvelles-organisations-enregistrees\/","title":{"rendered":"Syndicats : Trois nouvelles organisations enregistr\u00e9es"},"content":{"rendered":"<p>Trois nouvelles organisations syndicales ont \u00e9t\u00e9 agr\u00e9\u00e9es par le minist\u00e8re du Travail, de l&rsquo;Emploi et de la S\u00e9curit\u00e9 sociale, leur ouvrant la voie d\u2019activer dans le monde syndical.<br \/>En effet, lors d\u2019une c\u00e9r\u00e9monie qui s\u2019est tenue, avant-hier, au si\u00e8ge du minist\u00e8re, le d\u00e9partement de Haddam a d\u00e9livr\u00e9 les r\u00e9c\u00e9piss\u00e9s d&rsquo;enregistrement \u00e0 trois nouvelles organisations syndicales, a pr\u00e9cis\u00e9 un communiqu\u00e9 parvenu \u00e0 notre r\u00e9daction. Le m\u00eame document souligne que les nouvelles organisations sont l&rsquo;Organisation nationale des administrateurs immobiliers, le Syndicat national autonome des travailleurs de Mobilis et le Syndicat national autonome des travailleurs de nettoiement et d&rsquo;assainissement. Avec ces nouveaux venus, le nombre total des organisations syndicales \u00e0 avoir re\u00e7u des r\u00e9c\u00e9piss\u00e9s d&rsquo;enregistrement de la d\u00e9claration de constitution s\u2019\u00e9l\u00e8ve d\u00e9sormais \u00e0 14. Cette op\u00e9ration s\u2019inscrit dans le cadre du \u00absuivi des d\u00e9cisions issues de la r\u00e9union du gouvernement tenue en date du 3 avril 2019 concernant l\u2019examen des dossiers des demandes de constitution en syndicats, et ce conform\u00e9ment aux dispositions de loi n\u00b0 90-14 du 02 juin 1990, modifi\u00e9e et compl\u00e9t\u00e9e, relative \u00e0 l\u2019exercice du droit syndical\u00bb. Par ailleurs, le minist\u00e8re du Travail, de l\u2019Emploi et de la S\u00e9curit\u00e9 sociale rappelle que ses services resteront disponibles et \u00e0 la disposition des repr\u00e9sentants des organisations syndicales de travailleurs et d\u2019employeurs, pour \u00abr\u00e9pondre \u00e0 leurs pr\u00e9occupations\u00bb.<br \/>Il faut savoir que Tidjani Haddam avait pr\u00e9sid\u00e9, le 21 mai dernier, une c\u00e9r\u00e9monie de remise des r\u00e9c\u00e9piss\u00e9s d&rsquo;enregistrement de la d\u00e9claration de constitution de trois nouvelles organisations syndicales apr\u00e8s l\u2019actualisation de leur dossier d\u00e9pos\u00e9 aupr\u00e8s du minist\u00e8re.<br \/>Relevant des secteurs de l\u2019Enseignement sup\u00e9rieur et de la Recherche scientifique, et de la Sant\u00e9, de la Population et de la R\u00e9forme hospitali\u00e8re, il s\u2019agit du Syndicat national autonome des personnels de l\u2019enseignement sup\u00e9rieur (SNAPES), du Syndicat des infirmiers alg\u00e9riens (SIA) et du Syndicat national autonome des sages-femmes alg\u00e9riennes de sant\u00e9 publique (SNASFASP),<br \/>Deux semaines auparavant, le ministre avait d\u00e9j\u00e0 remis des r\u00e9c\u00e9piss\u00e9s d\u2019enregistrement de la d\u00e9claration de constitution de cinq organisations syndicales, relevant des secteurs de la Sant\u00e9, de la Formation et de l\u2019Enseignement professionnels, de l\u2019\u00c9ducation nationale et du Commerce. L\u2019agr\u00e9ment a \u00e9t\u00e9 donn\u00e9 au Syndicat autonome des biologistes de sant\u00e9 publique, le Syndicat national des professeurs sp\u00e9cialis\u00e9s du secteur de la formation et de l\u2019enseignement professionnels, le Syndicat national des superviseurs et des adjoints de l\u2019\u00e9ducation, Syndicat national des agents de contr\u00f4le de commerce et le Syndicat national autonome des fonctionnaires de l\u2019\u00e9ducation.\u00a0 En avril dernier, trois autres syndicats, activant dans les secteurs de l\u2019\u00e9ducation, de la solidarit\u00e9, du b\u00e2timent, travaux publics et hydraulique (BTPH), ont re\u00e7u leur r\u00e9c\u00e9piss\u00e9 d\u2019enregistrement. Il s\u2019agit du Syndicat national autonome des enseignants du moyen, du Syndicat national autonome des travailleurs du secteur de la solidarit\u00e9 nationale, de la famille et de la condition de la femme, et de l\u2019Union nationale du patronat et entrepreneurs du secteur du BTPH, et ce dans le cadre de l\u2019actualisation des dossiers relatifs \u00e0 la constitution de syndicats de travailleurs et d\u2019employeurs d\u00e9pos\u00e9s aupr\u00e8s du minist\u00e8re. Dans une d\u00e9claration \u00e0 la presse, le ministre du Travail, de l\u2019Emploi et de la S\u00e9curit\u00e9 sociale avait indiqu\u00e9 que ces nouvelles organisations syndicales comptaient parmi les 13 syndicats dont les dossiers \u00e9taient d\u00e9j\u00e0 en cours d\u2019actualisation au niveau du minist\u00e8re.<br \/>\u00a0\u00a0 \u00a0Mohamed Mendaci<br \/>\u00a0<\/p>\n<p>Auteur: elmoudjahid<br \/>\n<a href=\"http:\/\/www.elmoudjahid.com\/fr\/actualites\/137697\">Cliquez ici pour lire l&rsquo;article depuis sa source.<\/a><\/p>\n","protected":false},"excerpt":{"rendered":"<p>Trois nouvelles organisations syndicales ont \u00e9t\u00e9 agr\u00e9\u00e9es par le minist\u00e8re du Travail, de l&rsquo;Emploi et de la S\u00e9curit\u00e9 sociale, leur ouvrant la voie d\u2019activer dans le monde syndical.En effet, lors d\u2019une c\u00e9r\u00e9monie qui s\u2019est tenue, avant-hier, au si\u00e8ge du minist\u00e8re, le d\u00e9partement de Haddam a d\u00e9livr\u00e9 les r\u00e9c\u00e9piss\u00e9s d&rsquo;enregistrement \u00e0 trois nouvelles organisations syndicales, a [&hellip;]<\/p>\n","protected":false},"author":1744,"featured_media":0,"comment_status":"closed","ping_status":"closed","sticky":false,"template":"","format":"standard","meta":{"fifu_image_url":"","fifu_image_alt":"","footnotes":""},"categories":[73,53],"tags":[],"class_list":["post-38682","post","type-post","status-publish","format-standard","hentry","category-actualite","category-algerie"],"_links":{"self":[{"href":"https:\/\/linitiative.ca\/International\/wp-json\/wp\/v2\/posts\/38682","targetHints":{"allow":["GET"]}}],"collection":[{"href":"https:\/\/linitiative.ca\/International\/wp-json\/wp\/v2\/posts"}],"about":[{"href":"https:\/\/linitiative.ca\/International\/wp-json\/wp\/v2\/types\/post"}],"author":[{"embeddable":true,"href":"https:\/\/linitiative.ca\/International\/wp-json\/wp\/v2\/users\/1744"}],"replies":[{"embeddable":true,"href":"https:\/\/linitiative.ca\/International\/wp-json\/wp\/v2\/comments?post=38682"}],"version-history":[{"count":0,"href":"https:\/\/linitiative.ca\/International\/wp-json\/wp\/v2\/posts\/38682\/revisions"}],"wp:attachment":[{"href":"https:\/\/linitiative.ca\/International\/wp-json\/wp\/v2\/media?parent=38682"}],"wp:term":[{"taxonomy":"category","embeddable":true,"href":"https:\/\/linitiative.ca\/International\/wp-json\/wp\/v2\/categories?post=38682"},{"taxonomy":"post_tag","embeddable":true,"href":"https:\/\/linitiative.ca\/International\/wp-json\/wp\/v2\/tags?post=38682"}],"curies":[{"name":"wp","href":"https:\/\/api.w.org\/{rel}","templated":true}]}}