{"id":38683,"date":"2019-06-04T15:19:19","date_gmt":"2019-06-04T19:19:19","guid":{"rendered":"https:\/\/linitiative.ca\/International\/ali-haddad-devant-la-justice-verdict-le-17-juin\/"},"modified":"2019-06-04T15:19:19","modified_gmt":"2019-06-04T19:19:19","slug":"ali-haddad-devant-la-justice-verdict-le-17-juin","status":"publish","type":"post","link":"https:\/\/linitiative.ca\/International\/ali-haddad-devant-la-justice-verdict-le-17-juin\/","title":{"rendered":"Ali Haddad devant la Justice  :  verdict le 17 juin"},"content":{"rendered":"<p>Le verdict de l\u2019affaire mettant en cause Ali Haddad accus\u00e9 de faux et usage de faux et fausse d\u00e9claration a \u00e9t\u00e9 mis en d\u00e9lib\u00e9r\u00e9 et sera rendu le 17 juin prochain. Le patron de l\u2019ETRHB, qui a comparu en compagnie du directeur du service des titres et des documents s\u00e9curis\u00e9s au minist\u00e8re de l\u2019Int\u00e9rieur, des Collectivit\u00e9s locales et de l\u2019Am\u00e9nagement du territoire, Ahc\u00e8ne B., devant le tribunal correctionnel de Bir Mourad Rais risque quant \u00e0 lui une peine de 18 mois de prison ferme, assortie d\u2019une amende de 100.000 DA, soit la peine qu\u2019a requise le procureur de la R\u00e9publique.<br \/>L\u2019ex-patron du FCE est poursuivi pour la possession de deux passeports et d\u2019une somme en devises alors qu\u2019il tentait de fuir le territoire national via le poste frontalier d\u2019Oum Tboul, c\u2019est du moins ce que mentionne l\u2019acte d\u2019accusation. Mais Haddad nie cat\u00e9goriquement avoir tent\u00e9 de fuir en Tunisie et assure qu\u2019il comptait partir en vacances.<br \/>En revanche, il ne se d\u00e9robe pas devant le tribunal sur la question du second passeport. \u00abOui, je l\u2019avoue. J\u2019ai poss\u00e9d\u00e9 deux passeports. Je l\u2019ai demand\u00e9 \u00e0 Sellal qui \u00e9tait Premier ministre \u00e0 l\u2019\u00e9poque et j\u2019ai pu l\u2019obtenir sans d\u00e9poser le moindre dossier\u00bb, a-t-il conc\u00e9d\u00e9. De son c\u00f4t\u00e9, le second pr\u00e9venu a indiqu\u00e9 avoir d\u00e9livr\u00e9 le passeport \u00e0 Haddad suite \u00e0 des directives venues d\u2019en haut, plus pr\u00e9cis\u00e9ment du SG du minist\u00e8re. Ahc\u00e8ne B. pr\u00e9cisera au passage qu\u2019il n\u2019avait jamais rencontre l\u2019homme d\u2019affaires.<br \/>Dans leurs plaidoiries, les avocats de la d\u00e9fense ont plaid\u00e9 non coupables, la relaxe donc, et estim\u00e9 que dans cette affaire, Ali Haddad est plut\u00f4t une \u00abvictime\u00bb. \u00abLes preuves de la falsification du passeport sont inexistantes. S\u2019il a demand\u00e9 un deuxi\u00e8me passeport, c\u2019est pour des raisons professionnelles, pour servir l\u2019\u00e9conomie de son pays, pas pour des int\u00e9r\u00eats personnels. Il a obtenu son deuxi\u00e8me passeport d\u2019une fa\u00e7on l\u00e9gale\u00bb, ont clam\u00e9 les robes noires qui ont demand\u00e9 la restitution des 4.500 euros \u00e9t\u00e9 confisqu\u00e9s \u00e0 leur client lors de son arrestation.<br \/>Les avocats ont rappel\u00e9 que l\u2019ancien chef du FCE n\u2019est pas un d\u00e9linquant mais une personnalit\u00e9 \u00abinternationale\u00bb, qui emploie plus de 10.000 travailleurs.<br \/>Seront-ils entendus\u00a0? On le saura dans deux semaines.<br \/>S.\u2008A.\u2008M.<br \/>\u00a0<\/p>\n<p>Auteur: elmoudjahid<br \/>\n<a href=\"http:\/\/www.elmoudjahid.com\/fr\/actualites\/137698\">Cliquez ici pour lire l&rsquo;article depuis sa source.<\/a><\/p>\n","protected":false},"excerpt":{"rendered":"<p>Le verdict de l\u2019affaire mettant en cause Ali Haddad accus\u00e9 de faux et usage de faux et fausse d\u00e9claration a \u00e9t\u00e9 mis en d\u00e9lib\u00e9r\u00e9 et sera rendu le 17 juin prochain. Le patron de l\u2019ETRHB, qui a comparu en compagnie du directeur du service des titres et des documents s\u00e9curis\u00e9s au minist\u00e8re de l\u2019Int\u00e9rieur, des [&hellip;]<\/p>\n","protected":false},"author":1744,"featured_media":0,"comment_status":"closed","ping_status":"closed","sticky":false,"template":"","format":"standard","meta":{"fifu_image_url":"","fifu_image_alt":"","footnotes":""},"categories":[73,53],"tags":[],"class_list":["post-38683","post","type-post","status-publish","format-standard","hentry","category-actualite","category-algerie"],"_links":{"self":[{"href":"https:\/\/linitiative.ca\/International\/wp-json\/wp\/v2\/posts\/38683","targetHints":{"allow":["GET"]}}],"collection":[{"href":"https:\/\/linitiative.ca\/International\/wp-json\/wp\/v2\/posts"}],"about":[{"href":"https:\/\/linitiative.ca\/International\/wp-json\/wp\/v2\/types\/post"}],"author":[{"embeddable":true,"href":"https:\/\/linitiative.ca\/International\/wp-json\/wp\/v2\/users\/1744"}],"replies":[{"embeddable":true,"href":"https:\/\/linitiative.ca\/International\/wp-json\/wp\/v2\/comments?post=38683"}],"version-history":[{"count":0,"href":"https:\/\/linitiative.ca\/International\/wp-json\/wp\/v2\/posts\/38683\/revisions"}],"wp:attachment":[{"href":"https:\/\/linitiative.ca\/International\/wp-json\/wp\/v2\/media?parent=38683"}],"wp:term":[{"taxonomy":"category","embeddable":true,"href":"https:\/\/linitiative.ca\/International\/wp-json\/wp\/v2\/categories?post=38683"},{"taxonomy":"post_tag","embeddable":true,"href":"https:\/\/linitiative.ca\/International\/wp-json\/wp\/v2\/tags?post=38683"}],"curies":[{"name":"wp","href":"https:\/\/api.w.org\/{rel}","templated":true}]}}