{"id":38685,"date":"2019-06-04T10:03:07","date_gmt":"2019-06-04T14:03:07","guid":{"rendered":"https:\/\/linitiative.ca\/International\/90248-reunion-de-prague-l-algerien-abdelmalik-lahoulou-remporte-le-400-m-haies\/"},"modified":"2019-06-04T10:03:07","modified_gmt":"2019-06-04T14:03:07","slug":"90248-reunion-de-prague-l-algerien-abdelmalik-lahoulou-remporte-le-400-m-haies","status":"publish","type":"post","link":"https:\/\/linitiative.ca\/International\/90248-reunion-de-prague-l-algerien-abdelmalik-lahoulou-remporte-le-400-m-haies\/","title":{"rendered":"R\u00e9union de Prague : l&rsquo;Alg\u00e9rien Abdelmalik Lahoulou remporte le 400 m haies"},"content":{"rendered":"<div>\n<div class=\"K2FeedImage\"><img decoding=\"async\" src=\"http:\/\/www.aps.dz\/media\/k2\/items\/cache\/2258ec4f6513101098eae9812c6559ed_S.jpg\" alt=\"R\u00e9union de Prague : l'Alg\u00e9rien Abdelmalik Lahoulou remporte le 400 m haies\"><\/div>\n<div class=\"K2FeedIntroText\">\n<p><strong>PRAGUE &#8211; L&rsquo;athl\u00e8te alg\u00e9rien, Abdelmalik Lahoulou a Remport\u00e9 le 400 m haies de la r\u00e9union de Prague (49.20), lundi soir.<\/strong><\/p>\n<\/div>\n<div class=\"K2FeedFullText\">\n<p>Lahoulou est arriv\u00e9 en t\u00eate de la course, suivi des deux Am\u00e9ricains Johnny Deutsch (49.61) et de Khalifa Russer (49.68).<\/p>\n<p>L&rsquo;athl\u00e8te alg\u00e9rien Lahoulou a d\u00e9j\u00e0 r\u00e9alis\u00e9 un record personnel (48.95) dans le dernier championnat arabe du Caire (Egypte), et un autre (49.38) dans le challenge internationale disput\u00e9 le 21 mai \u00e0 Nanjing (Chine).<\/p>\n<p>Lahoulou aspire au podium des prochains jeux africains au Maroc et du championnat du monde \u00e0 Doha en 2019.<\/p>\n<\/div>\n<p><img loading=\"lazy\" decoding=\"async\" src=\"http:\/\/feeds.feedburner.com\/~r\/aps-sport\/~4\/BvJyoz18Gb4\" height=\"1\" width=\"1\" alt=\"\"><\/div>\n<p>Auteur:<br \/>\n<a href=\"http:\/\/www.aps.dz\/sport\/90248-reunion-de-prague-l-algerien-abdelmalik-lahoulou-remporte-le-400-m-haies?utm_source=feedburner&#038;utm_medium=feed&#038;utm_campaign=Feed%3A+aps-sport+%28APS+-+SPORT%29\">Cliquez ici pour lire l&rsquo;article depuis sa source.<\/a><\/p>\n","protected":false},"excerpt":{"rendered":"<p>PRAGUE &#8211; L&rsquo;athl\u00e8te alg\u00e9rien, Abdelmalik Lahoulou a Remport\u00e9 le 400 m haies de la r\u00e9union de Prague (49.20), lundi soir. Lahoulou est arriv\u00e9 en t\u00eate de la course, suivi des deux Am\u00e9ricains Johnny Deutsch (49.61) et de Khalifa Russer (49.68). L&rsquo;athl\u00e8te alg\u00e9rien Lahoulou a d\u00e9j\u00e0 r\u00e9alis\u00e9 un record personnel (48.95) dans le dernier championnat arabe [&hellip;]<\/p>\n","protected":false},"author":1790,"featured_media":38686,"comment_status":"closed","ping_status":"closed","sticky":false,"template":"","format":"standard","meta":{"fifu_image_url":"","fifu_image_alt":"","footnotes":""},"categories":[53,75],"tags":[],"class_list":["post-38685","post","type-post","status-publish","format-standard","has-post-thumbnail","hentry","category-algerie","category-sport"],"_links":{"self":[{"href":"https:\/\/linitiative.ca\/International\/wp-json\/wp\/v2\/posts\/38685","targetHints":{"allow":["GET"]}}],"collection":[{"href":"https:\/\/linitiative.ca\/International\/wp-json\/wp\/v2\/posts"}],"about":[{"href":"https:\/\/linitiative.ca\/International\/wp-json\/wp\/v2\/types\/post"}],"author":[{"embeddable":true,"href":"https:\/\/linitiative.ca\/International\/wp-json\/wp\/v2\/users\/1790"}],"replies":[{"embeddable":true,"href":"https:\/\/linitiative.ca\/International\/wp-json\/wp\/v2\/comments?post=38685"}],"version-history":[{"count":0,"href":"https:\/\/linitiative.ca\/International\/wp-json\/wp\/v2\/posts\/38685\/revisions"}],"wp:featuredmedia":[{"embeddable":true,"href":"https:\/\/linitiative.ca\/International\/wp-json\/"}],"wp:attachment":[{"href":"https:\/\/linitiative.ca\/International\/wp-json\/wp\/v2\/media?parent=38685"}],"wp:term":[{"taxonomy":"category","embeddable":true,"href":"https:\/\/linitiative.ca\/International\/wp-json\/wp\/v2\/categories?post=38685"},{"taxonomy":"post_tag","embeddable":true,"href":"https:\/\/linitiative.ca\/International\/wp-json\/wp\/v2\/tags?post=38685"}],"curies":[{"name":"wp","href":"https:\/\/api.w.org\/{rel}","templated":true}]}}