{"id":38687,"date":"2019-06-04T13:11:55","date_gmt":"2019-06-04T17:11:55","guid":{"rendered":"https:\/\/linitiative.ca\/International\/90257-football-atal-et-bennacer-parmi-les-10-revelations-africaines-de-la-saison\/"},"modified":"2019-06-04T13:11:55","modified_gmt":"2019-06-04T17:11:55","slug":"90257-football-atal-et-bennacer-parmi-les-10-revelations-africaines-de-la-saison","status":"publish","type":"post","link":"https:\/\/linitiative.ca\/International\/90257-football-atal-et-bennacer-parmi-les-10-revelations-africaines-de-la-saison\/","title":{"rendered":"Football : Atal et Bennacer parmi les 10 r\u00e9v\u00e9lations africaines de la saison"},"content":{"rendered":"<div>\n<div class=\"K2FeedImage\"><img decoding=\"async\" src=\"http:\/\/www.aps.dz\/media\/k2\/items\/cache\/0cc36affb24f6fed4ac2c5bd4a9d3398_S.jpg\" alt=\"Football : Atal et Bennacer parmi les 10 r\u00e9v\u00e9lations africaines de la saison\"><\/div>\n<div class=\"K2FeedIntroText\">\n<p><strong>PARIS &#8211; Les deux internationaux alg\u00e9riens : le d\u00e9fenseur de l&rsquo;OGC Nice (France) Youcef Atal et le milieu de terrain offensif d&rsquo;Empoli (Italie) Isma\u00ebl Bennacer ont \u00e9t\u00e9 retenus parmi les dix r\u00e9v\u00e9lations africaines de la saison europ\u00e9enne 2018-2019, selon un Top 10 \u00e9tabli par le site sp\u00e9cialis\u00e9 Football365.<\/strong><\/p>\n<\/div>\n<div class=\"K2FeedFullText\">\n<p>\u00ab\u00a0Arriv\u00e9 de Courtrai (Belgique) contre trois millions d\u2019euros et dans l\u2019anonymat le plus complet, Youcef Atal a \u00e9bloui la Ligue 1 tout au long de la saison. Il a brill\u00e9 au poste de lat\u00e9ral droit et n\u2019a pas eu peur de faire dans le d\u00e9passement de fonction au sein d\u2019un effectif ni\u00e7ois limit\u00e9\u00a0\u00bb, \u00e9crit le site \u00e0 propos d&rsquo;Atal (23 ans), l&rsquo;une des r\u00e9v\u00e9lations de la Ligue 1 fran\u00e7aise, lui qui a termin\u00e9 co- meilleur buteur de Nice avec 6 buts.<\/p>\n<p>\u00ab\u00a0Solide dans les duels, l\u2019international alg\u00e9rien a d\u00e9rout\u00e9 plus d\u2019un d\u00e9fenseur avec ses dribbles incroyables. Offensivement ou d\u00e9fensivement, le joueur de 23 ans a tout d\u2019un crack\u00a0\u00bb, a-t-il ajout\u00e9.<\/p>\n<p>De son c\u00f4t\u00e9, Bennacer (21 ans) a \u00e9galement brill\u00e9 en Serie A italienne, mais cela n&rsquo;a pas suffi \u00e0 Empoli pour rester parmi l&rsquo;\u00e9lite, une saison seulement apr\u00e8s son accession.<\/p>\n<p>\u00ab\u00a0Empoli s\u2019est trouv\u00e9 en Isma\u00ebl Bennacer un \u00ab regista \u00bb (meneur de jeu recul\u00e9) de grande qualit\u00e9, capable de couper les transmissions adverses et de bonifier les ballons r\u00e9cup\u00e9r\u00e9s gr\u00e2ce \u00e0 sa vision du jeu. Au point de se voir d\u00e9sign\u00e9 joueur de la saison par le club toscan\u00a0\u00bb, \u00e9crit Football365 au sujet de l&rsquo;ancien joueur de la r\u00e9serve d&rsquo;Arsenal (Angleterre).<\/p>\n<p>Outre Atal et Bennacer, convoqu\u00e9s pour la CAN-2019, le site sp\u00e9cialis\u00e9 a \u00e9galement retenu les noms de huit autres joueurs africains qui se sont distingu\u00e9s avec leurs clubs respectifs dans les diff\u00e9rents championnats du Vieux continent : Joseph Aido (Ghana\/ Genk), Mady Camara (Guin\u00e9e\/ Olympiakos), Samuel Chukwueze (Nigeria\/Villarreal), Youssef Al-Nesyri (Maroc\/ Leganes), Christian Kouam\u00e9 (C\u00f4te d&rsquo;Ivoire\/ Genoa), Edouard Mendy (S\u00e9n\u00e9gal\/ Reims), Paul Onuachu (Nigeria\/ Midtjylland), et Victor Osimhen (Nigeria\/ Charleroi).<\/p>\n<\/div>\n<p><img loading=\"lazy\" decoding=\"async\" src=\"http:\/\/feeds.feedburner.com\/~r\/aps-sport\/~4\/ulSZMz1C-OU\" height=\"1\" width=\"1\" alt=\"\"><\/div>\n<p>Auteur:<br \/>\n<a href=\"http:\/\/www.aps.dz\/sport\/90257-football-atal-et-bennacer-parmi-les-10-revelations-africaines-de-la-saison?utm_source=feedburner&#038;utm_medium=feed&#038;utm_campaign=Feed%3A+aps-sport+%28APS+-+SPORT%29\">Cliquez ici pour lire l&rsquo;article depuis sa source.<\/a><\/p>\n","protected":false},"excerpt":{"rendered":"<p>PARIS &#8211; Les deux internationaux alg\u00e9riens : le d\u00e9fenseur de l&rsquo;OGC Nice (France) Youcef Atal et le milieu de terrain offensif d&rsquo;Empoli (Italie) Isma\u00ebl Bennacer ont \u00e9t\u00e9 retenus parmi les dix r\u00e9v\u00e9lations africaines de la saison europ\u00e9enne 2018-2019, selon un Top 10 \u00e9tabli par le site sp\u00e9cialis\u00e9 Football365. \u00ab\u00a0Arriv\u00e9 de Courtrai (Belgique) contre trois millions [&hellip;]<\/p>\n","protected":false},"author":1790,"featured_media":38688,"comment_status":"closed","ping_status":"closed","sticky":false,"template":"","format":"standard","meta":{"fifu_image_url":"","fifu_image_alt":"","footnotes":""},"categories":[53,75],"tags":[],"class_list":["post-38687","post","type-post","status-publish","format-standard","has-post-thumbnail","hentry","category-algerie","category-sport"],"_links":{"self":[{"href":"https:\/\/linitiative.ca\/International\/wp-json\/wp\/v2\/posts\/38687","targetHints":{"allow":["GET"]}}],"collection":[{"href":"https:\/\/linitiative.ca\/International\/wp-json\/wp\/v2\/posts"}],"about":[{"href":"https:\/\/linitiative.ca\/International\/wp-json\/wp\/v2\/types\/post"}],"author":[{"embeddable":true,"href":"https:\/\/linitiative.ca\/International\/wp-json\/wp\/v2\/users\/1790"}],"replies":[{"embeddable":true,"href":"https:\/\/linitiative.ca\/International\/wp-json\/wp\/v2\/comments?post=38687"}],"version-history":[{"count":0,"href":"https:\/\/linitiative.ca\/International\/wp-json\/wp\/v2\/posts\/38687\/revisions"}],"wp:featuredmedia":[{"embeddable":true,"href":"https:\/\/linitiative.ca\/International\/wp-json\/"}],"wp:attachment":[{"href":"https:\/\/linitiative.ca\/International\/wp-json\/wp\/v2\/media?parent=38687"}],"wp:term":[{"taxonomy":"category","embeddable":true,"href":"https:\/\/linitiative.ca\/International\/wp-json\/wp\/v2\/categories?post=38687"},{"taxonomy":"post_tag","embeddable":true,"href":"https:\/\/linitiative.ca\/International\/wp-json\/wp\/v2\/tags?post=38687"}],"curies":[{"name":"wp","href":"https:\/\/api.w.org\/{rel}","templated":true}]}}