{"id":38692,"date":"2019-06-04T04:00:00","date_gmt":"2019-06-04T08:00:00","guid":{"rendered":"https:\/\/linitiative.ca\/International\/qui-sont-les-18-ambassadeurs-representants-permanents-de-tunisie-depuis-lindependance-aupres-de-lonu-a-new-york\/"},"modified":"2019-06-04T04:00:00","modified_gmt":"2019-06-04T08:00:00","slug":"qui-sont-les-18-ambassadeurs-representants-permanents-de-tunisie-depuis-lindependance-aupres-de-lonu-a-new-york","status":"publish","type":"post","link":"https:\/\/linitiative.ca\/International\/qui-sont-les-18-ambassadeurs-representants-permanents-de-tunisie-depuis-lindependance-aupres-de-lonu-a-new-york\/","title":{"rendered":"Qui sont les 18 ambassadeurs, repr\u00e9sentants permanents de Tunisie, depuis l&rsquo;ind\u00e9pendance, aupr\u00e8s de l\u2019ONU \u00e0 New York"},"content":{"rendered":"<p>Dix-huit ambassadeurs se sont succ\u00e9d\u00e9 depuis 1957 \u00e0 la t\u00eate de la mission permanente de Tunisie aupr\u00e8s de l\u2019ONU. Le premier en titre \u00e9tait l\u2019illustre Mongi Slim. Actuellement, c\u2019est Sami Bougecha qui a \u00e9t\u00e9 d\u00e9p\u00each\u00e9 \u00e0 New York, d\u00e9but janvier 2019, en qualit\u00e9 d\u2019ambassadeur adjoint. Qui sera le 19e ambassadeur ?<\/p>\n<p class=\"c4\"><span class=\"c3\"><strong>1.<\/strong><\/span> S.E. M. Mongi Slim : 31 octobre 1957 &#8211; 23 mai 1961<\/p>\n<p class=\"c4\"><span class=\"c3\"><strong>2.<\/strong><\/span> S.E. M. Habib Bourguiba Jr : 17 mai 1961 &#8211; 11 f\u00e9vrier 1962<\/p>\n<p class=\"c4\"><span class=\"c3\"><strong>3.<\/strong><\/span> S.E. M. Taieb Slim : 5 mars 1962 &#8211; 15 mai 1967 ; 3 septembre 1980 &#8211; 2 mai 1984.<\/p>\n<p class=\"c4\"><span class=\"c3\"><strong>4.<\/strong><\/span> S.E. M. Mahmoud Mestiri : 12 mai 1967 &#8211; 25 ao\u00fbt 1969 ; 9 septembre 1976 &#8211; 9 janvier 1980 ; 16 d\u00e9cembre 1986 &#8211; 11 d\u00e9cembre 1987<\/p>\n<p class=\"c4\"><span class=\"c3\"><strong>5.<\/strong><\/span> S.E. M. Slaheddine El-Gouli : 15 ao\u00fbt 1969 &#8211; 7 janvier 1970<\/p>\n<p class=\"c4\"><span class=\"c3\"><strong>6.<\/strong><\/span> S.E. M. Rachid Driss : 29 janvier 1970 \u2013 1er septembre 1976<\/p>\n<p class=\"c4\"><span class=\"c3\"><strong>7.<\/strong><\/span> S.E. M. M\u2019Hamed Essaafi : 9 janvier 1980 &#8211; 30 juillet 1980<\/p>\n<p class=\"c4\"><span class=\"c3\"><strong>8.<\/strong><\/span> S.E. M. Nejib Bouziri : 22 mai 1984 &#8211; 16 d\u00e9cembre 1986<\/p>\n<p class=\"c4\"><span class=\"c3\"><strong>9.<\/strong><\/span> S.E. M. Ahmed Ghezal : 16 d\u00e9cembre 1987 &#8211; 31 d\u00e9cembre 1991<\/p>\n<p class=\"c4\"><span class=\"c3\"><strong>10.<\/strong><\/span> S.E. M. Hamadi Khouini : 6 janvier 1992 &#8211; 15 juin 1993<\/p>\n<p class=\"c4\"><span class=\"c3\"><strong>11.<\/strong><\/span> S.E. M. Slaheddine Abdellah : 16 septembre 1993 &#8211; 21 juillet 1997<\/p>\n<p class=\"c4\"><span class=\"c3\"><strong>12.<\/strong><\/span> S.E. M. Said Ben Mustapha : 1er janvier 2000 &#8211; 19 mars 2001<\/p>\n<p class=\"c4\"><span class=\"c3\"><strong>13.<\/strong><\/span> S.E. M. Noureddine Majdoub : 15 mars 2001-31 janvier 2003<\/p>\n<p class=\"c4\"><span class=\"c3\"><strong>14.<\/strong><\/span> S.E. M. Ali Hachani : 11 septembre 1997 &#8211; 5 janvier 2000 ; 5 mars 2003 &#8211; 15 juillet 2007.<\/p>\n<p class=\"c4\"><span class=\"c3\"><strong>15.<\/strong><\/span> S.E. M. Habib Mansour : 6 novembre 2007 &#8211; 29 mars 2009.<\/p>\n<p class=\"c4\"><span class=\"c3\"><strong>16.<\/strong><\/span> S.E. M. Ghazi Jomaa : 8 mai 2009 &#8211; 30 juin 2011<\/p>\n<p class=\"c4\"><span class=\"c3\"><strong>17.<\/strong><\/span> S.E. M. Othman Jerandi : 16 mai 2011 &#8211; 11 novembre 2012.<\/p>\n<p class=\"c4\"><span class=\"c3\"><strong>18.<\/strong><\/span> S.E. M. Mohamed Khaled Khiari : 23 novembre 2012 &#8211; 31 d\u00e9cembre 2018.<\/p>\n<p class=\"c2\"><a href=\"https:\/\/www.leaders.com.tn\/le_mensuel_abonnez_vous\" target=\"_blank\" rel=\"noopener noreferrer\"><img loading=\"lazy\" decoding=\"async\" src=\"\/uploads\/FCK_files\/Bandeau-Leaders-1-copie(20).jpg\" alt=\"\" width=\"500\" vspace=\"5\" hspace=\"5\" height=\"128\" align=\"middle\"\/><\/a><\/p>\n<p class=\"c4\">\u00a0<\/p>\n<p>Auteur:<br \/>\n<a href=\"https:\/\/www.leaders.com.tn\/article\/27221-les-ambassadeurs-representants-permanents-de-tunisie-aupres-de-l-onu-a-new-york\">Cliquez ici pour lire l&rsquo;article depuis sa source.<\/a><\/p>\n","protected":false},"excerpt":{"rendered":"<p>Dix-huit ambassadeurs se sont succ\u00e9d\u00e9 depuis 1957 \u00e0 la t\u00eate de la mission permanente de Tunisie aupr\u00e8s de l\u2019ONU. Le premier en titre \u00e9tait l\u2019illustre Mongi Slim. Actuellement, c\u2019est Sami Bougecha qui a \u00e9t\u00e9 d\u00e9p\u00each\u00e9 \u00e0 New York, d\u00e9but janvier 2019, en qualit\u00e9 d\u2019ambassadeur adjoint. Qui sera le 19e ambassadeur ? 1. S.E. M. Mongi [&hellip;]<\/p>\n","protected":false},"author":1772,"featured_media":38693,"comment_status":"closed","ping_status":"closed","sticky":false,"template":"","format":"standard","meta":{"fifu_image_url":"","fifu_image_alt":"","footnotes":""},"categories":[73,55],"tags":[],"class_list":["post-38692","post","type-post","status-publish","format-standard","has-post-thumbnail","hentry","category-actualite","category-tunisie"],"_links":{"self":[{"href":"https:\/\/linitiative.ca\/International\/wp-json\/wp\/v2\/posts\/38692","targetHints":{"allow":["GET"]}}],"collection":[{"href":"https:\/\/linitiative.ca\/International\/wp-json\/wp\/v2\/posts"}],"about":[{"href":"https:\/\/linitiative.ca\/International\/wp-json\/wp\/v2\/types\/post"}],"author":[{"embeddable":true,"href":"https:\/\/linitiative.ca\/International\/wp-json\/wp\/v2\/users\/1772"}],"replies":[{"embeddable":true,"href":"https:\/\/linitiative.ca\/International\/wp-json\/wp\/v2\/comments?post=38692"}],"version-history":[{"count":0,"href":"https:\/\/linitiative.ca\/International\/wp-json\/wp\/v2\/posts\/38692\/revisions"}],"wp:featuredmedia":[{"embeddable":true,"href":"https:\/\/linitiative.ca\/International\/wp-json\/"}],"wp:attachment":[{"href":"https:\/\/linitiative.ca\/International\/wp-json\/wp\/v2\/media?parent=38692"}],"wp:term":[{"taxonomy":"category","embeddable":true,"href":"https:\/\/linitiative.ca\/International\/wp-json\/wp\/v2\/categories?post=38692"},{"taxonomy":"post_tag","embeddable":true,"href":"https:\/\/linitiative.ca\/International\/wp-json\/wp\/v2\/tags?post=38692"}],"curies":[{"name":"wp","href":"https:\/\/api.w.org\/{rel}","templated":true}]}}