{"id":38696,"date":"2019-06-04T04:18:50","date_gmt":"2019-06-04T08:18:50","guid":{"rendered":"https:\/\/linitiative.ca\/International\/essec-international-met-en-avant-les-opportunites-dentrepreneuriat-au-maroc\/"},"modified":"2019-06-04T04:18:50","modified_gmt":"2019-06-04T08:18:50","slug":"essec-international-met-en-avant-les-opportunites-dentrepreneuriat-au-maroc","status":"publish","type":"post","link":"https:\/\/linitiative.ca\/International\/essec-international-met-en-avant-les-opportunites-dentrepreneuriat-au-maroc\/","title":{"rendered":"ESSEC International met en avant les opportunit\u00e9s d\u2019entrepreneuriat au Maroc"},"content":{"rendered":"<p>Organis\u00e9 par l\u2019<strong>ESSEC Business School international<\/strong> \u00ab\u00a0Le Cercle Diplomatique\u00a0\u00bb, le grand rendez-vous d\u2019entreprenariat aura lieu mercredi 12 juin de 19h \u00e0 22h au French Tech Central \u00e0 Paris, sous le th\u00e8me : \u00ab\u00a0Opportunit\u00e9s d\u2019entrepreneuriat au Maroc\u00a0\u00bb.<\/p>\n<div class=\"c10\"\/>\n<p>Un panel, des personnalit\u00e9s les plus marquantes de l\u2019entrepreneuriat au niveau national et international seront au rendez-vous pour un partage de connaissances et d\u2019exp\u00e9riences en pr\u00e9sence de l\u2019Ambassadeur\u00a0du Royaume du Maroc en France, <strong>Chakib Benmoussa<\/strong>.<\/p>\n<p>A noter qu\u2019afin de participer a cet \u00e9v\u00e9nement, l\u2019ESSEC Business School international \u00e0 mis \u00e0 disposition un lien d\u2019inscription sur leur site <a href=\"http:\/\/www.essec.assoconnect.com\">www.essec.assoconnect.com<\/a>.<\/p>\n<div class=\"c17\">\n<fieldset class=\"c16\">\n<legend><strong><span class=\"c11\">Challenge<\/span><span class=\"c12\">news<\/span><\/strong><\/legend>\n<div class=\"c15\">Le meilleur de la r\u00e9daction s\u00e9lectionn\u00e9 par Challenge :<\/p>\n<\/div>\n<\/fieldset>\n<\/div>\n<p>Auteur: Hajar DARI<br \/>\n<a href=\"https:\/\/www.challenge.ma\/essec-international-met-en-avant-les-opportunites-dentrepreneuriat-au-maroc-110224\/\">Cliquez ici pour lire l&rsquo;article depuis sa source.<\/a><\/p>\n","protected":false},"excerpt":{"rendered":"<p>Organis\u00e9 par l\u2019ESSEC Business School international \u00ab\u00a0Le Cercle Diplomatique\u00a0\u00bb, le grand rendez-vous d\u2019entreprenariat aura lieu mercredi 12 juin de 19h \u00e0 22h au French Tech Central \u00e0 Paris, sous le th\u00e8me : \u00ab\u00a0Opportunit\u00e9s d\u2019entrepreneuriat au Maroc\u00a0\u00bb. Un panel, des personnalit\u00e9s les plus marquantes de l\u2019entrepreneuriat au niveau national et international seront au rendez-vous pour un [&hellip;]<\/p>\n","protected":false},"author":1787,"featured_media":0,"comment_status":"closed","ping_status":"closed","sticky":false,"template":"","format":"standard","meta":{"fifu_image_url":"","fifu_image_alt":"","footnotes":""},"categories":[78,54],"tags":[],"class_list":["post-38696","post","type-post","status-publish","format-standard","hentry","category-economie","category-maroc"],"_links":{"self":[{"href":"https:\/\/linitiative.ca\/International\/wp-json\/wp\/v2\/posts\/38696","targetHints":{"allow":["GET"]}}],"collection":[{"href":"https:\/\/linitiative.ca\/International\/wp-json\/wp\/v2\/posts"}],"about":[{"href":"https:\/\/linitiative.ca\/International\/wp-json\/wp\/v2\/types\/post"}],"author":[{"embeddable":true,"href":"https:\/\/linitiative.ca\/International\/wp-json\/wp\/v2\/users\/1787"}],"replies":[{"embeddable":true,"href":"https:\/\/linitiative.ca\/International\/wp-json\/wp\/v2\/comments?post=38696"}],"version-history":[{"count":0,"href":"https:\/\/linitiative.ca\/International\/wp-json\/wp\/v2\/posts\/38696\/revisions"}],"wp:attachment":[{"href":"https:\/\/linitiative.ca\/International\/wp-json\/wp\/v2\/media?parent=38696"}],"wp:term":[{"taxonomy":"category","embeddable":true,"href":"https:\/\/linitiative.ca\/International\/wp-json\/wp\/v2\/categories?post=38696"},{"taxonomy":"post_tag","embeddable":true,"href":"https:\/\/linitiative.ca\/International\/wp-json\/wp\/v2\/tags?post=38696"}],"curies":[{"name":"wp","href":"https:\/\/api.w.org\/{rel}","templated":true}]}}