{"id":38697,"date":"2019-06-04T04:31:32","date_gmt":"2019-06-04T08:31:32","guid":{"rendered":"https:\/\/linitiative.ca\/International\/la-5e-edition-du-congres-africain-de-la-profession-comptable-se-tiendra-a-marrakech\/"},"modified":"2019-06-04T04:31:32","modified_gmt":"2019-06-04T08:31:32","slug":"la-5e-edition-du-congres-africain-de-la-profession-comptable-se-tiendra-a-marrakech","status":"publish","type":"post","link":"https:\/\/linitiative.ca\/International\/la-5e-edition-du-congres-africain-de-la-profession-comptable-se-tiendra-a-marrakech\/","title":{"rendered":"La 5\u00e8 \u00e9dition du congr\u00e8s africain de la profession comptable se tiendra \u00e0 Marrakech"},"content":{"rendered":"<p>Les experts-comptables s\u2019appr\u00eatent \u00e0 accueillir la <strong>5\u00e8me \u00e9dition du Congr\u00e8s africain de la profession comptable<\/strong> (ACOA) 2019, du 19 au\u00a0 21\u00a0 juin 2019\u00a0 \u00e0\u00a0 Marrakech sous la th\u00e9matique : \u00ab Pour un secteur public performant en Afrique \u00bb.<\/p>\n<div class=\"c10\"\/>\n<p>Sous \u00a0le Haut Patronage de <strong>SM le Roi Mohammed VI,<\/strong> cette \u00e9dition, qui se tient pour la premi\u00e8re fois au Maroc, donne une nouvelle impulsion \u00e0 l\u2019organisation de l\u2019ACOA 2019 et confirme les ambitions du continent africain pour un secteur public performant, gage de d\u00e9veloppement \u00e9conomique et social.<\/p>\n<p>En effet, c\u2019est une occasion de mettre en avant l\u2019impact des m\u00e9tiers de la comptabilit\u00e9 et de l\u2019audit sur les performances du secteur public en termes d\u2019efficacit\u00e9 \u00e9conomique pour construire \u00abl\u2019avenir d\u2019une Afrique radieuse\u00bb. Les participants \u00e9changeront ainsi autour de trois axes : \u00abDes institutions fortes pour des politiques publiques et une gestion de la valeur publique r\u00e9ussies en Afrique\u00bb ; \u00abLa pens\u00e9e int\u00e9gr\u00e9e : un choix pour g\u00e9rer les ressources et la performance du secteur public dans l\u2019int\u00e9r\u00eat de l\u2019Afrique\u00bb. Et enfin \u00abLa mesure de la performance, \u00e9valuation des impacts et imp\u00e9ratifs de redevabilit\u00e9\u00bb.<\/p>\n<p>Pour rappel, l\u2019<strong>ACOA 2019<\/strong> est une rencontre d\u2019envergure internationale organis\u00e9e par l\u2019Ordre des Experts Comptables du Maroc, en collaboration avec la F\u00e9d\u00e9ration Panafricaine des Professionnels de la Comptabilit\u00e9 (PAFA) qui regroupe 53 organisations professionnelles de 43 pays et compte 107.000 professionnels des secteurs public et priv\u00e9.<\/p>\n<p>ACOA 2019 a mise \u00e0 disposition son site : www.acoa2019.com pour l\u2019inscription au congr\u00e8s, la programmation ainsi que pour plus d\u2019informations sur les intervenants.<\/p>\n<div class=\"c17\">\n<fieldset class=\"c16\">\n<legend><strong><span class=\"c11\">Challenge<\/span><span class=\"c12\">news<\/span><\/strong><\/legend>\n<div class=\"c15\">Le meilleur de la r\u00e9daction s\u00e9lectionn\u00e9 par Challenge :<\/p>\n<\/div>\n<\/fieldset>\n<\/div>\n<p>Auteur: Hajar DARI<br \/>\n<a href=\"https:\/\/www.challenge.ma\/la-5e-edition-du-congres-africain-de-la-profession-comptable-se-tiendra-a-marrakech-110236\/\">Cliquez ici pour lire l&rsquo;article depuis sa source.<\/a><\/p>\n","protected":false},"excerpt":{"rendered":"<p>Les experts-comptables s\u2019appr\u00eatent \u00e0 accueillir la 5\u00e8me \u00e9dition du Congr\u00e8s africain de la profession comptable (ACOA) 2019, du 19 au\u00a0 21\u00a0 juin 2019\u00a0 \u00e0\u00a0 Marrakech sous la th\u00e9matique : \u00ab Pour un secteur public performant en Afrique \u00bb. Sous \u00a0le Haut Patronage de SM le Roi Mohammed VI, cette \u00e9dition, qui se tient pour la [&hellip;]<\/p>\n","protected":false},"author":1787,"featured_media":0,"comment_status":"closed","ping_status":"closed","sticky":false,"template":"","format":"standard","meta":{"fifu_image_url":"","fifu_image_alt":"","footnotes":""},"categories":[78,54],"tags":[],"class_list":["post-38697","post","type-post","status-publish","format-standard","hentry","category-economie","category-maroc"],"_links":{"self":[{"href":"https:\/\/linitiative.ca\/International\/wp-json\/wp\/v2\/posts\/38697","targetHints":{"allow":["GET"]}}],"collection":[{"href":"https:\/\/linitiative.ca\/International\/wp-json\/wp\/v2\/posts"}],"about":[{"href":"https:\/\/linitiative.ca\/International\/wp-json\/wp\/v2\/types\/post"}],"author":[{"embeddable":true,"href":"https:\/\/linitiative.ca\/International\/wp-json\/wp\/v2\/users\/1787"}],"replies":[{"embeddable":true,"href":"https:\/\/linitiative.ca\/International\/wp-json\/wp\/v2\/comments?post=38697"}],"version-history":[{"count":0,"href":"https:\/\/linitiative.ca\/International\/wp-json\/wp\/v2\/posts\/38697\/revisions"}],"wp:attachment":[{"href":"https:\/\/linitiative.ca\/International\/wp-json\/wp\/v2\/media?parent=38697"}],"wp:term":[{"taxonomy":"category","embeddable":true,"href":"https:\/\/linitiative.ca\/International\/wp-json\/wp\/v2\/categories?post=38697"},{"taxonomy":"post_tag","embeddable":true,"href":"https:\/\/linitiative.ca\/International\/wp-json\/wp\/v2\/tags?post=38697"}],"curies":[{"name":"wp","href":"https:\/\/api.w.org\/{rel}","templated":true}]}}