{"id":38700,"date":"2019-06-04T07:28:26","date_gmt":"2019-06-04T11:28:26","guid":{"rendered":"https:\/\/linitiative.ca\/International\/une-caravane-administrative-au-profit-des-mre\/"},"modified":"2019-06-04T07:28:26","modified_gmt":"2019-06-04T11:28:26","slug":"une-caravane-administrative-au-profit-des-mre","status":"publish","type":"post","link":"https:\/\/linitiative.ca\/International\/une-caravane-administrative-au-profit-des-mre\/","title":{"rendered":"Une caravane administrative au profit des MRE"},"content":{"rendered":"<p>La Direction g\u00e9n\u00e9rale des imp\u00f4ts (<strong>DGI<\/strong>) participe \u00e0 une caravane au profit de la communaut\u00e9 des Marocains r\u00e9sidant en Italie, organis\u00e9e par le minist\u00e8re d\u00e9l\u00e9gu\u00e9 Charg\u00e9 des Marocains R\u00e9sidant \u00e0 l\u2019Etranger et des Affaires de la Migration, du 14 au 16 juin 2019.<\/p>\n<div class=\"c10\"\/>\n<p>Il s\u2019agit d\u2019un <strong>Guichet Unique Mobile<\/strong> au Service des Marocains du Monde.<\/p>\n<p>C\u2019est aussi la \u00ab\u00a0deuxi\u00e8me \u00e9tape\u00a0\u00bb pr\u00e9vue en Italie du 14 au 16 juin 2019, apr\u00e8s une premi\u00e8re \u00e9tape qui avait cibl\u00e9 la communaut\u00e9 des Marocains r\u00e9sidant en Espagne.<\/p>\n<p>Quatre rencontres devront \u00eatre organis\u00e9es simultan\u00e9ment avec les <strong>MRE<\/strong> par quatre \u00e9quipes compos\u00e9es de repr\u00e9sentants de plusieurs d\u00e9partements et institutions nationales partenaires.<\/p>\n<p>Ces rencontres, pr\u00e9vues \u00e0 Rome, Naples, Turin, Milan, V\u00e9rone, Bologne et Palerme, ont notamment pour objectif d\u2019entrer en contact avec les MRE, de prendre connaissance des probl\u00e8mes r\u00e9ellement v\u00e9cus par leurs compatriotes et de recueillir les dol\u00e9ances exprim\u00e9es pour les traiter de mani\u00e8re pluridisciplinaire. C\u2019est l\u00e0 une nouvelle d\u00e9marche \u00e0 encourager et devant permettre \u00e0 nos administrations de prendre connaissance de la r\u00e9alit\u00e9 v\u00e9cue concr\u00e8tement par les MRE.<\/p>\n<div class=\"c17\">\n<fieldset class=\"c16\">\n<legend><strong><span class=\"c11\">Challenge<\/span><span class=\"c12\">news<\/span><\/strong><\/legend>\n<div class=\"c15\">Le meilleur de la r\u00e9daction s\u00e9lectionn\u00e9 par Challenge :<\/p>\n<\/div>\n<\/fieldset>\n<\/div>\n<p>Auteur: Mohamed Amine<br \/>\n<a href=\"https:\/\/www.challenge.ma\/une-caravane-administrative-au-profit-des-mre-110242\/\">Cliquez ici pour lire l&rsquo;article depuis sa source.<\/a><\/p>\n","protected":false},"excerpt":{"rendered":"<p>La Direction g\u00e9n\u00e9rale des imp\u00f4ts (DGI) participe \u00e0 une caravane au profit de la communaut\u00e9 des Marocains r\u00e9sidant en Italie, organis\u00e9e par le minist\u00e8re d\u00e9l\u00e9gu\u00e9 Charg\u00e9 des Marocains R\u00e9sidant \u00e0 l\u2019Etranger et des Affaires de la Migration, du 14 au 16 juin 2019. Il s\u2019agit d\u2019un Guichet Unique Mobile au Service des Marocains du Monde. [&hellip;]<\/p>\n","protected":false},"author":1787,"featured_media":0,"comment_status":"closed","ping_status":"closed","sticky":false,"template":"","format":"standard","meta":{"fifu_image_url":"","fifu_image_alt":"","footnotes":""},"categories":[78,54],"tags":[],"class_list":["post-38700","post","type-post","status-publish","format-standard","hentry","category-economie","category-maroc"],"_links":{"self":[{"href":"https:\/\/linitiative.ca\/International\/wp-json\/wp\/v2\/posts\/38700","targetHints":{"allow":["GET"]}}],"collection":[{"href":"https:\/\/linitiative.ca\/International\/wp-json\/wp\/v2\/posts"}],"about":[{"href":"https:\/\/linitiative.ca\/International\/wp-json\/wp\/v2\/types\/post"}],"author":[{"embeddable":true,"href":"https:\/\/linitiative.ca\/International\/wp-json\/wp\/v2\/users\/1787"}],"replies":[{"embeddable":true,"href":"https:\/\/linitiative.ca\/International\/wp-json\/wp\/v2\/comments?post=38700"}],"version-history":[{"count":0,"href":"https:\/\/linitiative.ca\/International\/wp-json\/wp\/v2\/posts\/38700\/revisions"}],"wp:attachment":[{"href":"https:\/\/linitiative.ca\/International\/wp-json\/wp\/v2\/media?parent=38700"}],"wp:term":[{"taxonomy":"category","embeddable":true,"href":"https:\/\/linitiative.ca\/International\/wp-json\/wp\/v2\/categories?post=38700"},{"taxonomy":"post_tag","embeddable":true,"href":"https:\/\/linitiative.ca\/International\/wp-json\/wp\/v2\/tags?post=38700"}],"curies":[{"name":"wp","href":"https:\/\/api.w.org\/{rel}","templated":true}]}}