{"id":38705,"date":"2019-06-04T09:33:12","date_gmt":"2019-06-04T13:33:12","guid":{"rendered":"https:\/\/linitiative.ca\/International\/aid-el-fitr-les-conseils-dautoroutes-du-maroc\/"},"modified":"2019-06-04T09:33:12","modified_gmt":"2019-06-04T13:33:12","slug":"aid-el-fitr-les-conseils-dautoroutes-du-maroc","status":"publish","type":"post","link":"https:\/\/linitiative.ca\/International\/aid-el-fitr-les-conseils-dautoroutes-du-maroc\/","title":{"rendered":"Aid El Fitr : les conseils d\u2019Autoroutes du Maroc"},"content":{"rendered":"<p>A l\u2019occasion <strong>d\u2019A\u00efd El Fitr<\/strong>, la Soci\u00e9t\u00e9 Nationale des Autoroutes du Maroc (ADM) informe ses <strong>clients-usagers<\/strong> que l\u2019ensemble du r\u00e9seau autoroutier conna\u00eetra un trafic important : Le mardi 04 juin 2019 entre 15h et 22h et les jeudi 06 juin et dimanche 09 juin 2019 qui co\u00efncideront avec les jours des retours des vacances de l\u2019A\u00efd, entre 16h et 22h.<\/p>\n<div class=\"c10\"\/>\n<p>ADM recommande donc \u00e0 ses clients-usagers d\u2019organiser au pr\u00e9alable leur voyage, de se renseigner sur l\u2019\u00e9tat du trafic en t\u00e9l\u00e9chargeant l\u2019appli\u00a0www.admtrafic.ma, et d\u2019opter pour le choix du Pass Jawaz, qui est \u00e0 la port\u00e9e de tous \u00e0 50dh seulement avec 40dh de solde de passage offert, pour un passage plus fluide au niveau des gares en toute s\u00e9curit\u00e9 et confort.<\/p>\n<p>A noter que la <strong>Soci\u00e9t\u00e9 Nationale des Autoroutes du Maroc<\/strong> a mis \u00e0 disposition des usagers le num\u00e9ro de son centre d\u2019appel 5050 pour plus d\u2019informations.<\/p>\n<p>Rappelons que le r\u00e9seau autoroutier g\u00e9r\u00e9 par ADM comprend 1.800 kilom\u00e8tres d\u2019autoroutes. Il est emprunt\u00e9 quotidiennement par plus de 400.000 v\u00e9hicules et capte un quart de la circulation totale du pays.<\/p>\n<div class=\"c17\">\n<fieldset class=\"c16\">\n<legend><strong><span class=\"c11\">Challenge<\/span><span class=\"c12\">news<\/span><\/strong><\/legend>\n<div class=\"c15\">Le meilleur de la r\u00e9daction s\u00e9lectionn\u00e9 par Challenge :<\/p>\n<\/div>\n<\/fieldset>\n<\/div>\n<p>Auteur: Hajar DARI<br \/>\n<a href=\"https:\/\/www.challenge.ma\/aid-el-fitr-les-conseils-dautoroutes-du-maroc-110257\/\">Cliquez ici pour lire l&rsquo;article depuis sa source.<\/a><\/p>\n","protected":false},"excerpt":{"rendered":"<p>A l\u2019occasion d\u2019A\u00efd El Fitr, la Soci\u00e9t\u00e9 Nationale des Autoroutes du Maroc (ADM) informe ses clients-usagers que l\u2019ensemble du r\u00e9seau autoroutier conna\u00eetra un trafic important : Le mardi 04 juin 2019 entre 15h et 22h et les jeudi 06 juin et dimanche 09 juin 2019 qui co\u00efncideront avec les jours des retours des vacances de [&hellip;]<\/p>\n","protected":false},"author":1787,"featured_media":0,"comment_status":"closed","ping_status":"closed","sticky":false,"template":"","format":"standard","meta":{"fifu_image_url":"","fifu_image_alt":"","footnotes":""},"categories":[78,54],"tags":[],"class_list":["post-38705","post","type-post","status-publish","format-standard","hentry","category-economie","category-maroc"],"_links":{"self":[{"href":"https:\/\/linitiative.ca\/International\/wp-json\/wp\/v2\/posts\/38705","targetHints":{"allow":["GET"]}}],"collection":[{"href":"https:\/\/linitiative.ca\/International\/wp-json\/wp\/v2\/posts"}],"about":[{"href":"https:\/\/linitiative.ca\/International\/wp-json\/wp\/v2\/types\/post"}],"author":[{"embeddable":true,"href":"https:\/\/linitiative.ca\/International\/wp-json\/wp\/v2\/users\/1787"}],"replies":[{"embeddable":true,"href":"https:\/\/linitiative.ca\/International\/wp-json\/wp\/v2\/comments?post=38705"}],"version-history":[{"count":0,"href":"https:\/\/linitiative.ca\/International\/wp-json\/wp\/v2\/posts\/38705\/revisions"}],"wp:attachment":[{"href":"https:\/\/linitiative.ca\/International\/wp-json\/wp\/v2\/media?parent=38705"}],"wp:term":[{"taxonomy":"category","embeddable":true,"href":"https:\/\/linitiative.ca\/International\/wp-json\/wp\/v2\/categories?post=38705"},{"taxonomy":"post_tag","embeddable":true,"href":"https:\/\/linitiative.ca\/International\/wp-json\/wp\/v2\/tags?post=38705"}],"curies":[{"name":"wp","href":"https:\/\/api.w.org\/{rel}","templated":true}]}}