{"id":38706,"date":"2019-06-04T10:35:52","date_gmt":"2019-06-04T14:35:52","guid":{"rendered":"https:\/\/linitiative.ca\/International\/coup-daccelerateur-a-la-formation\/"},"modified":"2019-06-04T10:35:52","modified_gmt":"2019-06-04T14:35:52","slug":"coup-daccelerateur-a-la-formation","status":"publish","type":"post","link":"https:\/\/linitiative.ca\/International\/coup-daccelerateur-a-la-formation\/","title":{"rendered":"Coup d\u2019acc\u00e9l\u00e9rateur \u00e0 la formation"},"content":{"rendered":"<p>L\u2019Etat et le Groupement des industries marocaines a\u00e9ronautiques et spatiales (GIMAS) renforcent leur collaboration. Ils viennent de signer \u00e0 Rabat un m\u00e9morandum d\u2019entente relatif \u00e0 la gouvernance de l\u2019Institut sp\u00e9cialis\u00e9 dans les m\u00e9tiers de l\u2019a\u00e9ronautique et de la logistique a\u00e9roportuaire (ISMALA) et \u00e0 la formation en Maintenance et R\u00e9paration <strong>A\u00e9ronautique<\/strong> (MRO).<\/p>\n<div class=\"c10\"\/>\n<p>L\u2019accord a pour objectif l\u2019\u00e9tablissement d\u2019un partenariat entre l\u2019Office de la formation et de la promotion du travail (OFPPT) et le GIMAS par la cr\u00e9ation d\u2019une soci\u00e9t\u00e9 commune pour la gestion de l\u2019<strong>lSMALA<\/strong>. L\u2019institut sera ainsi d\u00e9di\u00e9 \u00e0 la formation dans les m\u00e9tiers du MRO afin de r\u00e9pondre aux besoins \u00e9volutifs des op\u00e9rateurs de la fili\u00e8re en ressources humaines qualifi\u00e9es.<\/p>\n<p>Dans le cadre de cet accord, souligne le minist\u00e8re de l\u2019Industrie, l\u2019ISMALA op\u00e9rera en compl\u00e9mentarit\u00e9 avec l\u2019Institut des m\u00e9tiers de l\u2019a\u00e9ronautique (IMA), qui dispose d\u00e9j\u00e0 d\u2019une carte de formation qualifiante et continue adapt\u00e9e aux besoins des autres \u00e9cosyst\u00e8mes, notamment l\u2019assemblage et l\u2019EWIS (syst\u00e8me d\u2019interconnexion de c\u00e2blage \u00e9lectrique). De m\u00eame, et a\ufb01n de r\u00e9pondre aux besoins des entreprises en profil Middle Management (MM) et de renforcer ainsi la cha\u00eene de comp\u00e9tences du secteur a\u00e9ronautique, il est pr\u00e9vu de mettre en place, au niveau de l\u2019IMA, une structure d\u00e9di\u00e9e MM, pour former des cadres interm\u00e9diaires aux comp\u00e9tences transverses \u00e0 l\u2019industrie a\u00e9ronautique.<\/p>\n<p><span class=\"c11\"><strong>Nouvelle feuille de route<\/strong><\/span><\/p>\n<p>Pour le ministre de l\u2019Industrie, de l\u2019Investissement, du Commerce et de l\u2019\u00c9conomie num\u00e9rique, Moulay Hafid Elalamy, ce partenariat vise \u00e0 mettre les professionnels du secteur a\u00e9ronautique au centre de la gestion de l\u2019Institut, avec un mod\u00e8le de gouvernance en phase avec la nouvelle feuille de route sur le d\u00e9veloppement de la <strong>formation<\/strong> professionnelle, ce qui permettra d\u2019assurer une meilleure ad\u00e9quation formation-emploi dans le domaine de la maintenance a\u00e9ronautique et de r\u00e9pondre, ainsi, aux besoins en comp\u00e9tences de cet \u00e9cosyst\u00e8me.<\/p>\n<p>Pour sa part, Saaid Amzazi, ministre de l\u2019\u00c9ducation nationale, de la Formation professionnelle, de l\u2019Enseignement sup\u00e9rieur et de la Recherche scientifique, a indiqu\u00e9 qu\u2019\u00e0 travers la signature de cet accord, l\u2019OFPPT et le GIMAS viennent de sceller un partenariat solide pour d\u00e9velopper la formation dans les m\u00e9tiers de l\u2019a\u00e9ronautique, relevant que cette initiative s\u2019inscrit dans le cadre de la mise en \u0153uvre de la feuille de route sur la formation professionnelle qui a \u00e9t\u00e9 pr\u00e9sent\u00e9e en avril dernier devant SM le roi Mohammed VI.<\/p>\n<p>Ce partenariat constitue un mod\u00e8le pilote en mati\u00e8re de gestion d\u00e9l\u00e9gu\u00e9e des instituts de formation professionnelle, a-t-il ajout\u00e9, relevant que le minist\u00e8re envisage de mettre d\u2019autres organismes de formation professionnelle sous gestion d\u00e9l\u00e9gu\u00e9e car ce mode de gouvernance a fait la preuve d\u2019efficacit\u00e9 et d\u2019efficience.<\/p>\n<p>De son c\u00f4t\u00e9, Loubna Tricha, directrice g\u00e9n\u00e9rale de l\u2019<strong>OFPPT<\/strong>, a affirm\u00e9 que l\u2019objectif vis\u00e9 \u00e0 travers la signature de ce m\u00e9morandum d\u2019entente est de garantir une meilleure r\u00e9activit\u00e9 et une meilleure adaptation de l\u2019ISMALA aux besoins du march\u00e9 de l\u2019emploi, relevant que l\u2019a\u00e9ronautique est un secteur n\u00e9vralgique et strat\u00e9gique pour le d\u00e9veloppement \u00e9conomique du Maroc.<\/p>\n<p>Benbrahim El Andaloussi, pr\u00e9sident d\u2019honneur du GIMAS, a, quant \u00e0 lui qualifi\u00e9 d\u2019important et d\u2019innovant cet accord de partenariat public-priv\u00e9 qui tend \u00e0 d\u00e9velopper la maintenance a\u00e9ronautique afin de r\u00e9pondre aux besoins locaux notamment de Royal Air Maroc, ainsi que d\u2019autres compagnies a\u00e9riennes internationales, soulignant l\u2019imp\u00e9ratif de disposer d\u2019une formation de tr\u00e8s haute qualit\u00e9 dans ce domaine pour p\u00e9renniser ce secteur et renforcer la position du royaume en tant que pays d\u2019intelligence.<\/p>\n<p>Pour rappel, d\u2019apr\u00e8s les statistiques du <strong>GIMAS<\/strong>, le taux d\u2019int\u00e9gration locale en 2017 a atteint 29%, contre 17% en 2016, et le minist\u00e8re de l\u2019Industrie table sur 35% d\u2019ici 2020. Le Maroc entend d\u00e9passer les 26 milliards de DH de chiffre d\u2019affaires \u00e0 l\u2019export d\u2019ici 2020.<\/p>\n<div class=\"c18\">\n<fieldset class=\"c17\">\n<legend><strong><span class=\"c12\">Challenge<\/span><span class=\"c13\">news<\/span><\/strong><\/legend>\n<div class=\"c16\">Le meilleur de la r\u00e9daction s\u00e9lectionn\u00e9 par Challenge :<\/p>\n<\/div>\n<\/fieldset>\n<\/div>\n<p>Auteur: Karim Handaoui<br \/>\n<a href=\"https:\/\/www.challenge.ma\/coup-daccelerateur-a-la-formation-110269\/\">Cliquez ici pour lire l&rsquo;article depuis sa source.<\/a><\/p>\n","protected":false},"excerpt":{"rendered":"<p>L\u2019Etat et le Groupement des industries marocaines a\u00e9ronautiques et spatiales (GIMAS) renforcent leur collaboration. Ils viennent de signer \u00e0 Rabat un m\u00e9morandum d\u2019entente relatif \u00e0 la gouvernance de l\u2019Institut sp\u00e9cialis\u00e9 dans les m\u00e9tiers de l\u2019a\u00e9ronautique et de la logistique a\u00e9roportuaire (ISMALA) et \u00e0 la formation en Maintenance et R\u00e9paration A\u00e9ronautique (MRO). L\u2019accord a pour objectif [&hellip;]<\/p>\n","protected":false},"author":1787,"featured_media":0,"comment_status":"closed","ping_status":"closed","sticky":false,"template":"","format":"standard","meta":{"fifu_image_url":"","fifu_image_alt":"","footnotes":""},"categories":[78,54],"tags":[],"class_list":["post-38706","post","type-post","status-publish","format-standard","hentry","category-economie","category-maroc"],"_links":{"self":[{"href":"https:\/\/linitiative.ca\/International\/wp-json\/wp\/v2\/posts\/38706","targetHints":{"allow":["GET"]}}],"collection":[{"href":"https:\/\/linitiative.ca\/International\/wp-json\/wp\/v2\/posts"}],"about":[{"href":"https:\/\/linitiative.ca\/International\/wp-json\/wp\/v2\/types\/post"}],"author":[{"embeddable":true,"href":"https:\/\/linitiative.ca\/International\/wp-json\/wp\/v2\/users\/1787"}],"replies":[{"embeddable":true,"href":"https:\/\/linitiative.ca\/International\/wp-json\/wp\/v2\/comments?post=38706"}],"version-history":[{"count":0,"href":"https:\/\/linitiative.ca\/International\/wp-json\/wp\/v2\/posts\/38706\/revisions"}],"wp:attachment":[{"href":"https:\/\/linitiative.ca\/International\/wp-json\/wp\/v2\/media?parent=38706"}],"wp:term":[{"taxonomy":"category","embeddable":true,"href":"https:\/\/linitiative.ca\/International\/wp-json\/wp\/v2\/categories?post=38706"},{"taxonomy":"post_tag","embeddable":true,"href":"https:\/\/linitiative.ca\/International\/wp-json\/wp\/v2\/tags?post=38706"}],"curies":[{"name":"wp","href":"https:\/\/api.w.org\/{rel}","templated":true}]}}