{"id":38707,"date":"2019-06-04T12:49:45","date_gmt":"2019-06-04T16:49:45","guid":{"rendered":"https:\/\/linitiative.ca\/International\/tunisie-videos-le-cri-de-detresse-du-citoyen-devant-lincapacite-totale-et-absolue-du-ministere-du-commerce-a-maitriser-les-prix\/"},"modified":"2019-06-04T12:49:45","modified_gmt":"2019-06-04T16:49:45","slug":"tunisie-videos-le-cri-de-detresse-du-citoyen-devant-lincapacite-totale-et-absolue-du-ministere-du-commerce-a-maitriser-les-prix","status":"publish","type":"post","link":"https:\/\/linitiative.ca\/International\/tunisie-videos-le-cri-de-detresse-du-citoyen-devant-lincapacite-totale-et-absolue-du-ministere-du-commerce-a-maitriser-les-prix\/","title":{"rendered":"Tunisie \u2013 VIDEOS\u00a0: Le cri de d\u00e9tresse du citoyen devant l\u2019incapacit\u00e9 totale et absolue du minist\u00e8re du commerce \u00e0 ma\u00eetriser les prix"},"content":{"rendered":"<div class=\"post-cont-in left relative\">\n<div class=\"swp_social_panel swp_horizontal_panel swp_flat_fresh swp_default_full_color swp_individual_full_color swp_other_full_color scale-100 scale-\" data-min-width=\"1100\" data-float-color=\"#ffffff\" data-float=\"none\" data-float-mobile=\"none\" data-transition=\"slide\">\n<div class=\"nc_tweetContainer swp_share_button total_shares total_sharesalt\"><span class=\"swp_count\">31 <span class=\"swp_label\">Partages<\/span><\/span><\/div>\n<\/div>\n<p>En cette derni\u00e8re journ\u00e9e de Ramadan,\u00a0afin de v\u00e9rifier l\u2019efficacit\u00e9 de la soi-disant campagne lanc\u00e9e par le minist\u00e8re du Commerce, juste avant le mois saint, pour contr\u00f4ler les prix et adoucir, un tant soit peu, la vie au citoyen, les correspondants de Tunisienumerique ont fait un petit tour du c\u00f4t\u00e9 des march\u00e9s pour recueillir les avis des consommateurs, en rapport avec les prix et \u00e9ventuellement, leur baisse, comme promis par le minist\u00e8re du Commerce, durant Ramadan. (Vid\u00e9os ci-bas)<\/p>\n<p>Le verdict issu de la bouche du citoyen tunisien a \u00e9t\u00e9 unanime et sans \u00e9quivoque\u00a0: Il n\u2019y a eu aucune baisse de prix. Bien au contraire, tous les produits expos\u00e9s \u00e0 la vente ont vu leurs prix exploser, en allant des viandes aux fruits, aux g\u00e2teaux de l\u2019A\u00efd, sans parler des prix des v\u00eatements de l\u2019A\u00efd pour les enfants.<\/p>\n<div class=\"code-block code-block-1 c3\"><ins class=\"adsbygoogle c2\" data-ad-layout=\"in-article\" data-ad-format=\"fluid\" data-ad-client=\"ca-pub-2102118777505746\" data-ad-slot=\"7301775417\"\/> <\/div>\n<p>En deux mots\u00a0: Aucune ma\u00eetrise des prix n\u2019a \u00e9t\u00e9 per\u00e7ue par le consommateur, malgr\u00e9 la campagne men\u00e9e par le minist\u00e8re du Commerce, qui semble s\u2019\u00eatre cantonn\u00e9e au niveau de campagne m\u00e9diatique, sans plus. En effet, malgr\u00e9 les quelques \u00e9pisodes des premiers jours de Ramadan, avec leur cort\u00e8ge d\u2019agressions \u00e0 l\u2019encontre des agents de contr\u00f4le, rien n\u2019a chang\u00e9 et aucun r\u00e9el contr\u00f4le des prix n\u2019a \u00e9t\u00e9 constat\u00e9, probablement\u00a0suite au retrait des contr\u00f4leurs qui auraient pli\u00e9 devant la violence des commer\u00e7ants.<\/p>\n<p>Au final, le citoyen n\u2019est pas arriv\u00e9 \u00e0 manger \u00e0 sa faim durant ramadan et ne voit pas comment il va pouvoir aborder les charges de l\u2019a\u00efd, qu\u2019il trouve astronomiques. \u00ab\u00a0M\u00eame le pain de l\u2019a\u00efd est devenu inabordable\u00a0\u00bb a d\u00e9clar\u00e9 un citoyen de Sfax.<\/p>\n<p>En r\u00e9sum\u00e9, le consommateur a, non seulement endur\u00e9 l\u2019enfer des prix durant ce mois, mais il a en plus eu l\u2019impression d\u2019avoir \u00e9t\u00e9 men\u00e9 en bateau par le minist\u00e8re du Commerce, qui lui promettait monts et merveilles et qui, comble de l\u2019autisme, se r\u00e9pand, aujourd\u2019hui, en autosatisfaction ne tarissant pas d\u2019\u00e9loges pour lui-m\u00eame et ses agents, pour les efforts consentis et les r\u00e9sultats obtenus qu\u2019ils sont les seuls \u00e0 percevoir\u00a0!<br \/><iframe loading=\"lazy\" class=\"c4\" src=\"https:\/\/www.facebook.com\/plugins\/video.php?href=https%3A%2F%2Fwww.facebook.com%2FTunisie.Numerique%2Fvideos%2F459422684883783%2F&#038;show_text=0&#038;width=560\" width=\"560\" height=\"315\" frameborder=\"0\" scrolling=\"no\" allowfullscreen=\"allowfullscreen\">[embedded content]<\/iframe><br \/><iframe loading=\"lazy\" class=\"c4\" src=\"https:\/\/www.facebook.com\/plugins\/video.php?href=https%3A%2F%2Fwww.facebook.com%2FTunisie.Numerique%2Fvideos%2F1424302511043019%2F&#038;show_text=0&#038;width=560\" width=\"560\" height=\"315\" frameborder=\"0\" scrolling=\"no\" allowfullscreen=\"allowfullscreen\">[embedded content]<\/iframe><br \/><iframe loading=\"lazy\" class=\"c4\" src=\"https:\/\/www.facebook.com\/plugins\/video.php?href=https%3A%2F%2Fwww.facebook.com%2FTunisie.Numerique%2Fvideos%2F401547887105696%2F&#038;show_text=0&#038;width=560\" width=\"560\" height=\"315\" frameborder=\"0\" scrolling=\"no\" allowfullscreen=\"allowfullscreen\">[embedded content]<\/iframe><\/p>\n<div class=\"mvp-org-wrap mvp-org-logo\" itemprop=\"publisher\" itemscope=\"\" itemtype=\"https:\/\/schema.org\/Organization\"><img decoding=\"async\" src=\"https:\/\/www.tunisienumerique.com\/wp-content\/uploads\/2017\/02\/logo_tunisie_numerique.png\"\/><\/div>\n<div class=\"swp_social_panel swp_horizontal_panel swp_flat_fresh swp_default_full_color swp_individual_full_color swp_other_full_color scale-100 scale-\" data-min-width=\"1100\" data-float-color=\"#ffffff\" data-float=\"none\" data-float-mobile=\"none\" data-transition=\"slide\">\n<div class=\"nc_tweetContainer swp_share_button total_shares total_sharesalt\"><span class=\"swp_count\">31 <span class=\"swp_label\">Partages<\/span><\/span><\/div>\n<\/div>\n<div class=\"mvp-related-posts left relative\">\n<h4 class=\"post-header\"><span class=\"post-header\">Lire aussi<\/span><\/h4>\n<\/div>\n<\/div>\n<p>Auteur: Ramsis<br \/>\n<a href=\"https:\/\/www.tunisienumerique.com\/tunisie-videos-le-cri-de-detresse-du-citoyen-devant-lincapacite-totale-et-absolue-du-ministere-du-commerce-a-maitriser-les-prix\/\">Cliquez ici pour lire l&rsquo;article depuis sa source.<\/a><\/p>\n","protected":false},"excerpt":{"rendered":"<p>31 Partages En cette derni\u00e8re journ\u00e9e de Ramadan,\u00a0afin de v\u00e9rifier l\u2019efficacit\u00e9 de la soi-disant campagne lanc\u00e9e par le minist\u00e8re du Commerce, juste avant le mois saint, pour contr\u00f4ler les prix et adoucir, un tant soit peu, la vie au citoyen, les correspondants de Tunisienumerique ont fait un petit tour du c\u00f4t\u00e9 des march\u00e9s pour recueillir [&hellip;]<\/p>\n","protected":false},"author":1789,"featured_media":38708,"comment_status":"closed","ping_status":"closed","sticky":false,"template":"","format":"standard","meta":{"fifu_image_url":"","fifu_image_alt":"","footnotes":""},"categories":[73,55],"tags":[],"class_list":["post-38707","post","type-post","status-publish","format-standard","has-post-thumbnail","hentry","category-actualite","category-tunisie"],"_links":{"self":[{"href":"https:\/\/linitiative.ca\/International\/wp-json\/wp\/v2\/posts\/38707","targetHints":{"allow":["GET"]}}],"collection":[{"href":"https:\/\/linitiative.ca\/International\/wp-json\/wp\/v2\/posts"}],"about":[{"href":"https:\/\/linitiative.ca\/International\/wp-json\/wp\/v2\/types\/post"}],"author":[{"embeddable":true,"href":"https:\/\/linitiative.ca\/International\/wp-json\/wp\/v2\/users\/1789"}],"replies":[{"embeddable":true,"href":"https:\/\/linitiative.ca\/International\/wp-json\/wp\/v2\/comments?post=38707"}],"version-history":[{"count":0,"href":"https:\/\/linitiative.ca\/International\/wp-json\/wp\/v2\/posts\/38707\/revisions"}],"wp:featuredmedia":[{"embeddable":true,"href":"https:\/\/linitiative.ca\/International\/wp-json\/"}],"wp:attachment":[{"href":"https:\/\/linitiative.ca\/International\/wp-json\/wp\/v2\/media?parent=38707"}],"wp:term":[{"taxonomy":"category","embeddable":true,"href":"https:\/\/linitiative.ca\/International\/wp-json\/wp\/v2\/categories?post=38707"},{"taxonomy":"post_tag","embeddable":true,"href":"https:\/\/linitiative.ca\/International\/wp-json\/wp\/v2\/tags?post=38707"}],"curies":[{"name":"wp","href":"https:\/\/api.w.org\/{rel}","templated":true}]}}