{"id":38709,"date":"2019-06-04T13:35:08","date_gmt":"2019-06-04T17:35:08","guid":{"rendered":"https:\/\/linitiative.ca\/International\/tunisie-chokri-belaid-collaborait-avec-ben-ali-contre-les-militants-de-gauche\/"},"modified":"2019-06-04T13:35:08","modified_gmt":"2019-06-04T17:35:08","slug":"tunisie-chokri-belaid-collaborait-avec-ben-ali-contre-les-militants-de-gauche","status":"publish","type":"post","link":"https:\/\/linitiative.ca\/International\/tunisie-chokri-belaid-collaborait-avec-ben-ali-contre-les-militants-de-gauche\/","title":{"rendered":"Tunisie \u2013 Chokri B\u00e9la\u00efd collaborait avec Ben Ali contre les militants de gauche\u00a0!"},"content":{"rendered":"<div class=\"post-cont-in left relative\">\n<div class=\"swp_social_panel swp_horizontal_panel swp_flat_fresh swp_default_full_color swp_individual_full_color swp_other_full_color scale-100 scale-\" data-min-width=\"1100\" data-float-color=\"#ffffff\" data-float=\"none\" data-float-mobile=\"none\" data-transition=\"slide\">\n<div class=\"nc_tweetContainer swp_share_button total_shares total_sharesalt\"><span class=\"swp_count\">44 <span class=\"swp_label\">Partages<\/span><\/span><\/div>\n<\/div>\n<p>Imed Da\u00efmi a accus\u00e9, dans un entretien accord\u00e9 au journal \u00ab\u00a0Al Watan\u00a0\u00bb, le martyr Chokri B\u00e9la\u00efd, d\u2019avoir toujours collabor\u00e9 avec le r\u00e9gime de Ben Ali, contre les militants de la gauche. Il l\u2019a, par ailleurs accus\u00e9 d\u2019avoir voulu favoriser le retour de la \u00ab\u00a0Tyrannie\u00a0\u00bb au d\u00e9but de la r\u00e9volution, en barrant la route \u00e0 Moncef Marzouki et ses \u00ab\u00a0fr\u00e8res d\u2019armes\u00a0\u00bb.<\/p>\n<p>Da\u00efmi a assur\u00e9 que par la faute du Watad, le parti de Feu B\u00e9la\u00efd, le Front Populaire est aujourd\u2019hui en p\u00e9ril, \u00e0 cause du pragmatisme, de l\u2019opportunisme et de l\u2019\u00e9gocentrisme de ses leaders.<\/p>\n<div class=\"code-block code-block-1 c3\"><ins class=\"adsbygoogle c2\" data-ad-layout=\"in-article\" data-ad-format=\"fluid\" data-ad-client=\"ca-pub-2102118777505746\" data-ad-slot=\"7301775417\"\/> <\/div>\n<div class=\"mvp-org-wrap mvp-org-logo\" itemprop=\"publisher\" itemscope=\"\" itemtype=\"https:\/\/schema.org\/Organization\"><img decoding=\"async\" src=\"https:\/\/www.tunisienumerique.com\/wp-content\/uploads\/2017\/02\/logo_tunisie_numerique.png\"\/><\/div>\n<div class=\"swp_social_panel swp_horizontal_panel swp_flat_fresh swp_default_full_color swp_individual_full_color swp_other_full_color scale-100 scale-\" data-min-width=\"1100\" data-float-color=\"#ffffff\" data-float=\"none\" data-float-mobile=\"none\" data-transition=\"slide\">\n<div class=\"nc_tweetContainer swp_share_button total_shares total_sharesalt\"><span class=\"swp_count\">44 <span class=\"swp_label\">Partages<\/span><\/span><\/div>\n<\/div>\n<div class=\"mvp-related-posts left relative\">\n<h4 class=\"post-header\"><span class=\"post-header\">Lire aussi<\/span><\/h4>\n<\/div>\n<\/div>\n<p>Auteur: LM<br \/>\n<a href=\"https:\/\/www.tunisienumerique.com\/tunisie-chokri-belaid-collaborait-avec-ben-ali-contre-les-militants-de-gauche\/\">Cliquez ici pour lire l&rsquo;article depuis sa source.<\/a><\/p>\n","protected":false},"excerpt":{"rendered":"<p>44 Partages Imed Da\u00efmi a accus\u00e9, dans un entretien accord\u00e9 au journal \u00ab\u00a0Al Watan\u00a0\u00bb, le martyr Chokri B\u00e9la\u00efd, d\u2019avoir toujours collabor\u00e9 avec le r\u00e9gime de Ben Ali, contre les militants de la gauche. Il l\u2019a, par ailleurs accus\u00e9 d\u2019avoir voulu favoriser le retour de la \u00ab\u00a0Tyrannie\u00a0\u00bb au d\u00e9but de la r\u00e9volution, en barrant la route [&hellip;]<\/p>\n","protected":false},"author":1789,"featured_media":38710,"comment_status":"closed","ping_status":"closed","sticky":false,"template":"","format":"standard","meta":{"fifu_image_url":"","fifu_image_alt":"","footnotes":""},"categories":[73,55],"tags":[],"class_list":["post-38709","post","type-post","status-publish","format-standard","has-post-thumbnail","hentry","category-actualite","category-tunisie"],"_links":{"self":[{"href":"https:\/\/linitiative.ca\/International\/wp-json\/wp\/v2\/posts\/38709","targetHints":{"allow":["GET"]}}],"collection":[{"href":"https:\/\/linitiative.ca\/International\/wp-json\/wp\/v2\/posts"}],"about":[{"href":"https:\/\/linitiative.ca\/International\/wp-json\/wp\/v2\/types\/post"}],"author":[{"embeddable":true,"href":"https:\/\/linitiative.ca\/International\/wp-json\/wp\/v2\/users\/1789"}],"replies":[{"embeddable":true,"href":"https:\/\/linitiative.ca\/International\/wp-json\/wp\/v2\/comments?post=38709"}],"version-history":[{"count":0,"href":"https:\/\/linitiative.ca\/International\/wp-json\/wp\/v2\/posts\/38709\/revisions"}],"wp:featuredmedia":[{"embeddable":true,"href":"https:\/\/linitiative.ca\/International\/wp-json\/"}],"wp:attachment":[{"href":"https:\/\/linitiative.ca\/International\/wp-json\/wp\/v2\/media?parent=38709"}],"wp:term":[{"taxonomy":"category","embeddable":true,"href":"https:\/\/linitiative.ca\/International\/wp-json\/wp\/v2\/categories?post=38709"},{"taxonomy":"post_tag","embeddable":true,"href":"https:\/\/linitiative.ca\/International\/wp-json\/wp\/v2\/tags?post=38709"}],"curies":[{"name":"wp","href":"https:\/\/api.w.org\/{rel}","templated":true}]}}