{"id":38715,"date":"2019-06-04T13:54:35","date_gmt":"2019-06-04T17:54:35","guid":{"rendered":"https:\/\/linitiative.ca\/International\/tunisie-laugmentation-des-prelevements-en-faveur-des-caisses-de-retraite-ne-touche-pas-les-pensions-des-retraites\/"},"modified":"2019-06-04T13:54:35","modified_gmt":"2019-06-04T17:54:35","slug":"tunisie-laugmentation-des-prelevements-en-faveur-des-caisses-de-retraite-ne-touche-pas-les-pensions-des-retraites","status":"publish","type":"post","link":"https:\/\/linitiative.ca\/International\/tunisie-laugmentation-des-prelevements-en-faveur-des-caisses-de-retraite-ne-touche-pas-les-pensions-des-retraites\/","title":{"rendered":"Tunisie \u2013 L\u2019augmentation des pr\u00e9l\u00e8vements en faveur des caisses de retraite ne touche pas les pensions des retrait\u00e9s"},"content":{"rendered":"<div class=\"post-cont-in left relative\">\n<div class=\"swp_social_panel swp_horizontal_panel swp_flat_fresh swp_default_full_color swp_individual_full_color swp_other_full_color scale-100 scale-\" data-min-width=\"1100\" data-float-color=\"#ffffff\" data-float=\"none\" data-float-mobile=\"none\" data-transition=\"slide\">\n<div class=\"nc_tweetContainer swp_share_button total_shares total_sharesalt\"><span class=\"swp_count\">7 <span class=\"swp_label\">Partages<\/span><\/span><\/div>\n<\/div>\n<p>Contrairement ce qui avait \u00e9t\u00e9 diffus\u00e9 sur les r\u00e9seaux sociaux, le minist\u00e8re des Affaires sociales a tenu \u00e0 pr\u00e9ciser,\u00a0via sa page officielle Facebook que les augmentations des pr\u00e9l\u00e8vements sur les salaires, au profit des caisses de retraite, d\u2019une valeur de 3%, ne\u00a0toucheront pas les pensions des\u00a0 retrait\u00e9s.<\/p>\n<p>Seuls les agents actifs seront concern\u00e9s par cette hausse. Le minist\u00e8re tient \u00e0 pr\u00e9ciser que cette\u00a0revalisation sera divis\u00e9e\u00a0ainsi:\u00a0 2\/3 \u00e0 la charge de l\u2019employeur et 1\/3 \u00e0 celle du salari\u00e9.<\/p>\n<div class=\"code-block code-block-1 c3\"><ins class=\"adsbygoogle c2\" data-ad-layout=\"in-article\" data-ad-format=\"fluid\" data-ad-client=\"ca-pub-2102118777505746\" data-ad-slot=\"7301775417\"\/> <\/div>\n<div class=\"mvp-org-wrap mvp-org-logo\" itemprop=\"publisher\" itemscope=\"\" itemtype=\"https:\/\/schema.org\/Organization\"><img decoding=\"async\" src=\"https:\/\/www.tunisienumerique.com\/wp-content\/uploads\/2017\/02\/logo_tunisie_numerique.png\"\/><\/div>\n<div class=\"swp_social_panel swp_horizontal_panel swp_flat_fresh swp_default_full_color swp_individual_full_color swp_other_full_color scale-100 scale-\" data-min-width=\"1100\" data-float-color=\"#ffffff\" data-float=\"none\" data-float-mobile=\"none\" data-transition=\"slide\">\n<div class=\"nc_tweetContainer swp_share_button total_shares total_sharesalt\"><span class=\"swp_count\">7 <span class=\"swp_label\">Partages<\/span><\/span><\/div>\n<\/div>\n<div class=\"mvp-related-posts left relative\">\n<h4 class=\"post-header\"><span class=\"post-header\">Lire aussi<\/span><\/h4>\n<\/div>\n<\/div>\n<p>Auteur: LM<br \/>\n<a href=\"https:\/\/www.tunisienumerique.com\/tunisie-laugmentation-des-prelevements-en-faveur-des-caisses-de-retraite-ne-touche-pas-les-pensions-des-retraites\/\">Cliquez ici pour lire l&rsquo;article depuis sa source.<\/a><\/p>\n","protected":false},"excerpt":{"rendered":"<p>7 Partages Contrairement ce qui avait \u00e9t\u00e9 diffus\u00e9 sur les r\u00e9seaux sociaux, le minist\u00e8re des Affaires sociales a tenu \u00e0 pr\u00e9ciser,\u00a0via sa page officielle Facebook que les augmentations des pr\u00e9l\u00e8vements sur les salaires, au profit des caisses de retraite, d\u2019une valeur de 3%, ne\u00a0toucheront pas les pensions des\u00a0 retrait\u00e9s. Seuls les agents actifs seront concern\u00e9s [&hellip;]<\/p>\n","protected":false},"author":1789,"featured_media":38716,"comment_status":"closed","ping_status":"closed","sticky":false,"template":"","format":"standard","meta":{"fifu_image_url":"","fifu_image_alt":"","footnotes":""},"categories":[73,55],"tags":[],"class_list":["post-38715","post","type-post","status-publish","format-standard","has-post-thumbnail","hentry","category-actualite","category-tunisie"],"_links":{"self":[{"href":"https:\/\/linitiative.ca\/International\/wp-json\/wp\/v2\/posts\/38715","targetHints":{"allow":["GET"]}}],"collection":[{"href":"https:\/\/linitiative.ca\/International\/wp-json\/wp\/v2\/posts"}],"about":[{"href":"https:\/\/linitiative.ca\/International\/wp-json\/wp\/v2\/types\/post"}],"author":[{"embeddable":true,"href":"https:\/\/linitiative.ca\/International\/wp-json\/wp\/v2\/users\/1789"}],"replies":[{"embeddable":true,"href":"https:\/\/linitiative.ca\/International\/wp-json\/wp\/v2\/comments?post=38715"}],"version-history":[{"count":0,"href":"https:\/\/linitiative.ca\/International\/wp-json\/wp\/v2\/posts\/38715\/revisions"}],"wp:featuredmedia":[{"embeddable":true,"href":"https:\/\/linitiative.ca\/International\/wp-json\/"}],"wp:attachment":[{"href":"https:\/\/linitiative.ca\/International\/wp-json\/wp\/v2\/media?parent=38715"}],"wp:term":[{"taxonomy":"category","embeddable":true,"href":"https:\/\/linitiative.ca\/International\/wp-json\/wp\/v2\/categories?post=38715"},{"taxonomy":"post_tag","embeddable":true,"href":"https:\/\/linitiative.ca\/International\/wp-json\/wp\/v2\/tags?post=38715"}],"curies":[{"name":"wp","href":"https:\/\/api.w.org\/{rel}","templated":true}]}}