{"id":38723,"date":"2019-06-04T15:43:33","date_gmt":"2019-06-04T19:43:33","guid":{"rendered":"https:\/\/linitiative.ca\/International\/caf-la-reunion-durgence-reportee\/"},"modified":"2019-06-04T15:43:33","modified_gmt":"2019-06-04T19:43:33","slug":"caf-la-reunion-durgence-reportee","status":"publish","type":"post","link":"https:\/\/linitiative.ca\/International\/caf-la-reunion-durgence-reportee\/","title":{"rendered":"CAF : La r\u00e9union d\u2019urgence report\u00e9e\u00a0"},"content":{"rendered":"<div class=\"nc_socialPanel swp_flatFresh swp_d_fullColor swp_i_fullColor swp_o_fullColor scale-100 scale-fullWidth\" data-position=\"none\" data-float=\"floatNone\" data-count=\"5\" data-floatcolor=\"#ffffff\" data-emphasize=\"0\">\n<div class=\"nc_tweetContainer totes totesalt\" data-id=\"6\"><span class=\"swp_count\"><span class=\"swp_label\">Partages<\/span> 0<\/span><\/div>\n<\/div>\n<p>Pr\u00e9vue ce mardi 4 juin, la Conf\u00e9d\u00e9ration africaine de football (CAF) aurait d\u00e9cid\u00e9 de reporter \u00e0 demain l\u2019examen du dossier de la finale retour de la Ligue des champions d\u2019Afrique qui a oppos\u00e9 l\u2019Esp\u00e9rance Sportive de Tunis au Wydad Casablanca.<\/p>\n<p>Le Comit\u00e9 Ex\u00e9cutif de la CAF avait d\u00e9but\u00e9 ce matin l\u2019examen des documents de ce dossier avant une interruption due aux engagements du pr\u00e9sident de l\u2019instance africaine, Ahmad Ahmad \u00e0 la FIFA.<\/p>\n<div class=\"code-block code-block-1 c5\"><ins class=\"adsbygoogle c4\" data-ad-layout=\"in-article\" data-ad-format=\"fluid\" data-ad-client=\"ca-pub-2102118777505746\" data-ad-slot=\"7301775417\"\/> <\/div>\n<p>La r\u00e9union devait \u00eatre poursuivie \u00e0 la fin de cet apr\u00e8s-midi, mais aux derni\u00e8res nouvelles elle aurait \u00e9t\u00e9 report\u00e9e \u00e0 demain.<\/p>\n<p>Selon quelques \u00e9chos, les avis sont partag\u00e9s au sein du Comit\u00e9 Ex\u00e9cutif sur les suites \u00e0 donner \u00e0 cette affaire, entre ceux qui r\u00e9clament un nouveau match et ceux qui insistent pour confirmer le r\u00e9sultat acquis sur le terrain.<\/p>\n<div class=\"mvp-org-wrap mvp-org-logo\" itemprop=\"publisher\" itemscope=\"\" itemtype=\"https:\/\/schema.org\/Organization\"><img decoding=\"async\" src=\"https:\/\/sport.tunisienumerique.com\/wp-content\/uploads\/2017\/05\/logo_tunisie_numerique.png\"\/><\/div>\n<div class=\"nc_socialPanel swp_flatFresh swp_d_fullColor swp_i_fullColor swp_o_fullColor scale-100 scale-fullWidth\" data-position=\"none\" data-float=\"floatNone\" data-count=\"5\" data-floatcolor=\"#ffffff\" data-emphasize=\"0\">\n<div class=\"nc_tweetContainer totes totesalt\" data-id=\"6\"><span class=\"swp_count\"><span class=\"swp_label\">Partages<\/span> 0<\/span><\/div>\n<\/div>\n<div class=\"mvp-related-posts left relative\">\n<h4 class=\"post-header\"><span class=\"post-header\">Lire aussi<\/span><\/h4>\n<\/div>\n<p>Auteur: a.<br \/>\n<a href=\"https:\/\/sport.tunisienumerique.com\/caf-reunion-durgence-reportee\/\">Cliquez ici pour lire l&rsquo;article depuis sa source.<\/a><\/p>\n","protected":false},"excerpt":{"rendered":"<p>Partages 0 Pr\u00e9vue ce mardi 4 juin, la Conf\u00e9d\u00e9ration africaine de football (CAF) aurait d\u00e9cid\u00e9 de reporter \u00e0 demain l\u2019examen du dossier de la finale retour de la Ligue des champions d\u2019Afrique qui a oppos\u00e9 l\u2019Esp\u00e9rance Sportive de Tunis au Wydad Casablanca. Le Comit\u00e9 Ex\u00e9cutif de la CAF avait d\u00e9but\u00e9 ce matin l\u2019examen des documents [&hellip;]<\/p>\n","protected":false},"author":1789,"featured_media":38724,"comment_status":"closed","ping_status":"closed","sticky":false,"template":"","format":"standard","meta":{"fifu_image_url":"","fifu_image_alt":"","footnotes":""},"categories":[73,55],"tags":[],"class_list":["post-38723","post","type-post","status-publish","format-standard","has-post-thumbnail","hentry","category-actualite","category-tunisie"],"_links":{"self":[{"href":"https:\/\/linitiative.ca\/International\/wp-json\/wp\/v2\/posts\/38723","targetHints":{"allow":["GET"]}}],"collection":[{"href":"https:\/\/linitiative.ca\/International\/wp-json\/wp\/v2\/posts"}],"about":[{"href":"https:\/\/linitiative.ca\/International\/wp-json\/wp\/v2\/types\/post"}],"author":[{"embeddable":true,"href":"https:\/\/linitiative.ca\/International\/wp-json\/wp\/v2\/users\/1789"}],"replies":[{"embeddable":true,"href":"https:\/\/linitiative.ca\/International\/wp-json\/wp\/v2\/comments?post=38723"}],"version-history":[{"count":0,"href":"https:\/\/linitiative.ca\/International\/wp-json\/wp\/v2\/posts\/38723\/revisions"}],"wp:featuredmedia":[{"embeddable":true,"href":"https:\/\/linitiative.ca\/International\/wp-json\/"}],"wp:attachment":[{"href":"https:\/\/linitiative.ca\/International\/wp-json\/wp\/v2\/media?parent=38723"}],"wp:term":[{"taxonomy":"category","embeddable":true,"href":"https:\/\/linitiative.ca\/International\/wp-json\/wp\/v2\/categories?post=38723"},{"taxonomy":"post_tag","embeddable":true,"href":"https:\/\/linitiative.ca\/International\/wp-json\/wp\/v2\/tags?post=38723"}],"curies":[{"name":"wp","href":"https:\/\/api.w.org\/{rel}","templated":true}]}}