{"id":38727,"date":"2019-06-04T16:12:56","date_gmt":"2019-06-04T20:12:56","guid":{"rendered":"https:\/\/linitiative.ca\/International\/fete-de-laid-el-fitr-prieres-pour-une-bonne-saison-des-pluies\/"},"modified":"2019-06-04T16:12:56","modified_gmt":"2019-06-04T20:12:56","slug":"fete-de-laid-el-fitr-prieres-pour-une-bonne-saison-des-pluies","status":"publish","type":"post","link":"https:\/\/linitiative.ca\/International\/fete-de-laid-el-fitr-prieres-pour-une-bonne-saison-des-pluies\/","title":{"rendered":"F\u00eate de l\u2019A\u00efd El Fitr : Pri\u00e8res pour une bonne saison des pluies"},"content":{"rendered":"<div class=\"td-post-featured-image\"><a href=\"https:\/\/i2.wp.com\/www.sidwaya.info\/wp-content\/uploads\/2019\/06\/2-2.jpg?fit=738%2C450&#038;ssl=1\" data-caption=\"\"><img loading=\"lazy\" decoding=\"async\" width=\"696\" height=\"424\" class=\"entry-thumb td-modal-image\" src=\"https:\/\/i2.wp.com\/www.sidwaya.info\/wp-content\/uploads\/2019\/06\/2-2.jpg?resize=696%2C424&#038;ssl=1\" srcset=\"https:\/\/i2.wp.com\/www.sidwaya.info\/wp-content\/uploads\/2019\/06\/2-2.jpg?w=738&#038;ssl=1 738w, https:\/\/i2.wp.com\/www.sidwaya.info\/wp-content\/uploads\/2019\/06\/2-2.jpg?resize=300%2C183&#038;ssl=1 300w, https:\/\/i2.wp.com\/www.sidwaya.info\/wp-content\/uploads\/2019\/06\/2-2.jpg?resize=696%2C424&#038;ssl=1 696w, https:\/\/i2.wp.com\/www.sidwaya.info\/wp-content\/uploads\/2019\/06\/2-2.jpg?resize=689%2C420&#038;ssl=1 689w\" sizes=\"auto, (max-width: 696px) 100vw, 696px\" alt=\"\" title=\"2\"\/><\/a><\/div>\n<div class=\"td-a-rec td-a-rec-id-content_top td_uid_30_5cf6e62f30be3_rand td_block_template_1\"><img loading=\"lazy\" decoding=\"async\" class=\"aligncenter size-full wp-image-4463\" src=\"https:\/\/www.sidwaya.info\/wp-content\/uploads\/2019\/02\/FESPACO-TOUR-2019-Bannie%CC%80re-728x90-1.jpg\" alt=\"\" width=\"728\" height=\"90\"\/><\/div>\n<p><strong>Ils \u00e9taient des milliers, les fid\u00e8les musulmans \u00e0 converger vers la place du lyc\u00e9e communal de Tenkodogo comme \u00e0 l\u2019accoutum\u00e9e, pour c\u00e9l\u00e9brer la f\u00eate de l\u2019A\u00efd El Fitr \u00e0 travers une grande pri\u00e8re qui marque la fin du je\u00fbne. Cette pri\u00e8re a \u00e9t\u00e9 dirig\u00e9e par le grand imam de Tenkodogo, El Hadj Mahamadou Sana, le mardi 4 juin 2019.<\/strong><\/p>\n<p>L\u2019un des piliers de l\u2019islam fait obligation aux musulmans de je\u00fbner 29 ou 30 jours. Les musulmans de la r\u00e9gion du Centre-Est ont ob\u00e9i \u00e0 cette recommandation. V\u00eatus de beaux habits, les fid\u00e8les musulmans de Tenkodogo, avec \u00e0 leur t\u00eate, le grand imam de Tenkodogo, El Hadj Mahamadou Sana, ont pris d\u2019assaut la place du lyc\u00e9e communal de Tenkodogo, lieu habituel pour la pri\u00e8re du ramadan. Apr\u00e8s un mois de je\u00fbne, d\u2019abstinence, de p\u00e9nitence et de partage, les musulmans de Tenkodogo, Coran en main, nappe de pri\u00e8re \u00e0 l\u2019\u00e9paule ont, \u00e0 travers des chants et lecture des versets du Coran, c\u00e9l\u00e9br\u00e9 la f\u00eate de l\u2019A\u00efd El Fitr. C\u2019\u00e9tait en pr\u00e9sence des autorit\u00e9s r\u00e9gionales, notamment le gouverneur de la r\u00e9gion du Centre-Est, Antoine Ou\u00e9draogo et celles de l\u2019Eglise catholique, conduite par Monseigneur (Mgr) Prosper Konti\u00e9bo, \u00e9v\u00eaque de Tenkodogo. \u00abPendant les 29 jours, vous avez beaucoup formul\u00e9 des pri\u00e8res pour la paix, la s\u00e9curit\u00e9 et la coh\u00e9sion sociale dans notre r\u00e9gion. Je suis venu pour vous souhaiter la bonne f\u00eate. Que toutes les pri\u00e8res que vous avez formul\u00e9es soient exhauss\u00e9es par Allah le mis\u00e9ricordieux. Je voudrais aussi vous remercier pour tout ce que vous faites pour sensibiliser les fid\u00e8les musulmans et les citoyens \u00e0 la paix, la tol\u00e9rance et la solidarit\u00e9, valeurs cardinales de l\u2019islam\u00bb, a dit Antoine Ou\u00e9draogo.<\/p>\n<p>Il a par ailleurs exhort\u00e9 les musulmans en particulier et la population en g\u00e9n\u00e9ral \u00e0 une collaboration franche avec les FDS. Les fid\u00e8les musulmans ont dans ce contexte d\u2019ins\u00e9curit\u00e9, plaid\u00e9 pour l\u2019interdiction de la vente et la consommation des boissons frelat\u00e9es au Burkina Faso. Il a implor\u00e9 Allah le bon Dieu, \u00e0 arroser abondamment la r\u00e9gion et partant, tout le pays, de bonnes pluies afin de permettre aux laborieux paysans de produire pour l\u2019atteinte d\u2019une autosuffisance alimentaire. L\u2019\u00e9v\u00eaque de Tenkodogo, Mgr Prosper Konti\u00e9bo, a aussi dit apporter un message de solidarit\u00e9 et de communion \u00e0 la communaut\u00e9 musulmane et l\u2019a invit\u00e9e \u00e0 travailler pour qu\u2019il y ait plus de paix dans la r\u00e9gion du Centre-Est.<\/p>\n<p>\u00abTout en vivant chacun sa religion, nous devons rechercher avant tout la communion, la fraternit\u00e9, la paix, l\u2019amour entre nous et l\u2019amour envers le cr\u00e9ateur parce que c\u2019est ce qu\u2019il veut pour tout homme\u00bb, a ajout\u00e9 Mgr Prosper Konti\u00e9bo. Se pronon\u00e7ant sur les attaques terroristes contre les lieux de culte et leurs destructions, l\u2019\u00e9v\u00eaque de Tenkodogo a lanc\u00e9 un appel \u00e0 tous les Burkinab\u00e8 au pardon, \u00e0 la paix, \u00e0 la tol\u00e9rance. \u00abNous devons savoir que nous sommes des cr\u00e9atures de Dieu qui aime que ses enfants vivent ensemble dans la paix et dans la fraternit\u00e9, mais pas en s\u2019entretuant\u00bb, a-t-il conclu.<\/p>\n<p class=\"c1\"><strong>Bougnan NAON<\/strong><\/p>\n<div class=\"td-a-rec td-a-rec-id-content_bottom td_uid_31_5cf6e62f30d8f_rand td_block_template_1\"><img loading=\"lazy\" decoding=\"async\" class=\"alignright size-full wp-image-1724\" src=\"https:\/\/www.sidwaya.info\/wp-content\/uploads\/2018\/12\/sidwaya-pub.jpg\" alt=\"\" width=\"720\" height=\"90\"\/><\/div>\n<p>Auteur: DD. Sidwaya<br \/>\n<a href=\"https:\/\/www.sidwaya.info\/blog\/2019\/06\/04\/fete-de-laid-el-fitr-prieres-pour-une-bonne-saison-des-pluies\/\">Cliquez ici pour lire l&rsquo;article depuis sa source.<\/a><\/p>\n","protected":false},"excerpt":{"rendered":"<p>Ils \u00e9taient des milliers, les fid\u00e8les musulmans \u00e0 converger vers la place du lyc\u00e9e communal de Tenkodogo comme \u00e0 l\u2019accoutum\u00e9e, pour c\u00e9l\u00e9brer la f\u00eate de l\u2019A\u00efd El Fitr \u00e0 travers une grande pri\u00e8re qui marque la fin du je\u00fbne. Cette pri\u00e8re a \u00e9t\u00e9 dirig\u00e9e par le grand imam de Tenkodogo, El Hadj Mahamadou Sana, le [&hellip;]<\/p>\n","protected":false},"author":1816,"featured_media":0,"comment_status":"closed","ping_status":"closed","sticky":false,"template":"","format":"standard","meta":{"fifu_image_url":"","fifu_image_alt":"","footnotes":""},"categories":[73,81],"tags":[],"class_list":["post-38727","post","type-post","status-publish","format-standard","hentry","category-actualite","category-burkina-faso"],"_links":{"self":[{"href":"https:\/\/linitiative.ca\/International\/wp-json\/wp\/v2\/posts\/38727","targetHints":{"allow":["GET"]}}],"collection":[{"href":"https:\/\/linitiative.ca\/International\/wp-json\/wp\/v2\/posts"}],"about":[{"href":"https:\/\/linitiative.ca\/International\/wp-json\/wp\/v2\/types\/post"}],"author":[{"embeddable":true,"href":"https:\/\/linitiative.ca\/International\/wp-json\/wp\/v2\/users\/1816"}],"replies":[{"embeddable":true,"href":"https:\/\/linitiative.ca\/International\/wp-json\/wp\/v2\/comments?post=38727"}],"version-history":[{"count":0,"href":"https:\/\/linitiative.ca\/International\/wp-json\/wp\/v2\/posts\/38727\/revisions"}],"wp:attachment":[{"href":"https:\/\/linitiative.ca\/International\/wp-json\/wp\/v2\/media?parent=38727"}],"wp:term":[{"taxonomy":"category","embeddable":true,"href":"https:\/\/linitiative.ca\/International\/wp-json\/wp\/v2\/categories?post=38727"},{"taxonomy":"post_tag","embeddable":true,"href":"https:\/\/linitiative.ca\/International\/wp-json\/wp\/v2\/tags?post=38727"}],"curies":[{"name":"wp","href":"https:\/\/api.w.org\/{rel}","templated":true}]}}