{"id":38730,"date":"2019-06-04T16:24:04","date_gmt":"2019-06-04T20:24:04","guid":{"rendered":"https:\/\/linitiative.ca\/International\/assemblee-nationale-42-lois-adoptees\/"},"modified":"2019-06-04T16:24:04","modified_gmt":"2019-06-04T20:24:04","slug":"assemblee-nationale-42-lois-adoptees","status":"publish","type":"post","link":"https:\/\/linitiative.ca\/International\/assemblee-nationale-42-lois-adoptees\/","title":{"rendered":"Assembl\u00e9e nationale : 42 lois adopt\u00e9es"},"content":{"rendered":"<div class=\"td-post-featured-image\"><a href=\"https:\/\/i1.wp.com\/www.sidwaya.info\/wp-content\/uploads\/2019\/06\/1-6.jpg?fit=620%2C414&#038;ssl=1\" data-caption=\"\"><img loading=\"lazy\" decoding=\"async\" width=\"620\" height=\"414\" class=\"entry-thumb td-modal-image\" src=\"https:\/\/i1.wp.com\/www.sidwaya.info\/wp-content\/uploads\/2019\/06\/1-6.jpg?resize=620%2C414&#038;ssl=1\" srcset=\"https:\/\/i1.wp.com\/www.sidwaya.info\/wp-content\/uploads\/2019\/06\/1-6.jpg?w=620&#038;ssl=1 620w, https:\/\/i1.wp.com\/www.sidwaya.info\/wp-content\/uploads\/2019\/06\/1-6.jpg?resize=300%2C200&#038;ssl=1 300w\" sizes=\"auto, (max-width: 620px) 100vw, 620px\" alt=\"\" title=\"1\"\/><\/a><\/div>\n<div class=\"td-a-rec td-a-rec-id-content_top td_uid_30_5cf6e63b0385f_rand td_block_template_1\"><img loading=\"lazy\" decoding=\"async\" class=\"aligncenter size-full wp-image-4463\" src=\"https:\/\/www.sidwaya.info\/wp-content\/uploads\/2019\/02\/FESPACO-TOUR-2019-Bannie%CC%80re-728x90-1.jpg\" alt=\"\" width=\"728\" height=\"90\"\/><\/div>\n<p><strong>La premi\u00e8re session ordinaire de l\u2019Assembl\u00e9e nationale au titre de l\u2019ann\u00e9e en cours a clos ses travaux, le lundi 3 juin 2019 \u00e0 Ouagadougou. La c\u00e9r\u00e9monie, marqu\u00e9e par le discours du pr\u00e9sident, Alassane Bala Sakand\u00e9, a connu la pr\u00e9sence d\u2019\u00e9minentes personnalit\u00e9s dont le Premier ministre et des ambassadeurs.<\/strong><\/p>\n<p>Apr\u00e8s trois mois de travaux, la premi\u00e8re session ordinaire de l\u2019Assembl\u00e9e nationale au titre de l\u2019ann\u00e9e 2019 a referm\u00e9 ses portes. La c\u00e9r\u00e9monie de cl\u00f4ture est intervenue, le lundi 3 juin 2019 \u00e0 l\u2019H\u00e9micycle en pr\u00e9sence du Premier ministre, des membres du gouvernement ainsi que des chefs de missions diplomatiques en poste \u00e0 Ouagadougou. Dans son discours, le Pr\u00e9sident de l\u2019Assembl\u00e9e nationale (PAN), faisant le bilan, a indiqu\u00e9 que la session qui vient de s\u2019achever, m\u00e9rite son appellation de \u00absession de lois\u00bb.<\/p>\n<p>\u00abAu terme de trois mois d\u2019activit\u00e9s intenses, notre auguste assembl\u00e9e a proc\u00e9d\u00e9 \u00e0 l\u2019adoption de 42 projets de loi\u00bb, a-t-il pr\u00e9cis\u00e9. Parmi ces textes, on note neuf projets de loi portant sur des autorisations de ratification de conventions et d\u2019accords de pr\u00eats, 21 lois sur des ratifications d\u2019ordonnances et 12 projets relatifs entre autres au code de proc\u00e9dure p\u00e9nale, \u00e0 la r\u00e9glementation de l\u2019Etat de si\u00e8ge et l\u2019Etat d\u2019urgence au Burkina Faso et aux modalit\u00e9s de promotion et d\u2019officialisation de langues nationales. Concernant le contr\u00f4le de l\u2019action gouvernementale, les d\u00e9put\u00e9s ont interpell\u00e9 l\u2019ex\u00e9cutif \u00e0 travers une quinzaine de questions orales et trois autres d\u2019actualit\u00e9. Sur le plan international, la diplomatie parlementaire a \u00e9t\u00e9 \u00ab\u00ef\u00bb au cours de la session \u00e9coul\u00e9e avec plusieurs missions effectu\u00e9es aupr\u00e8s de pays amis du Burkina Faso. Alassane Sakand\u00e9 a notamment fait cas de visites officielles en R\u00e9publique populaire de Chine, en Arabie Saoudite et en Turquie.<\/p>\n<p>\u00abCes visites ont permis au Burkina Faso de renforcer ses liens d\u2019amiti\u00e9 et de coop\u00e9ration avec ses partenaires et d\u2019\u0153uvrer \u00e0 leur approfondissement\u00bb, a-t-il soutenu. La participation de l\u2019Assembl\u00e9e nationale du Burkina Faso \u00e0 des rencontres interparlementaires fait partie des points de satisfaction \u00e9gren\u00e9s par le chef du parlement burkinab\u00e8. Il s\u2019agit de la 41e Conf\u00e9rence de l\u2019Union parlementaire africaine (UPA) dont le Burkina Faso assure la pr\u00e9sidence, la 140e Assembl\u00e9e g\u00e9n\u00e9rale de l\u2019Union interparlementaire, du 6 au 10 avril \u00e0 Doha au Qatar et la Conf\u00e9rence des pr\u00e9sidents d\u2019Assembl\u00e9es et de section de l\u2019Assembl\u00e9e parlementaire francophone (APF) tenue du 25 au 27 avril 2019 \u00e0 Ouagadougou. La situation s\u00e9curitaire marqu\u00e9e par les attaques terroristes \u00e0 r\u00e9p\u00e9tition et les multiples gr\u00e8ves qui secouent les d\u00e9partements minist\u00e9riels n\u2019ont pas \u00e9t\u00e9 pass\u00e9es sous silence par le pr\u00e9sident Bala Sakand\u00e9.<\/p>\n<p><strong>Hommage aux FDS<\/strong><\/p>\n<p>Sur le contexte s\u00e9curitaire, l\u2019occupant du perchoir a condamn\u00e9 l\u2019acharnement des forces du mal sur le Burkina Faso devenu leur cible ces derni\u00e8res ann\u00e9es. \u00abDepuis plus de trois ans, nos ennemis ne cessent de s\u2019attaquer \u00e0 notre d\u00e9mocratie, de porter des coups \u00e0 notre nation et de d\u00e9fier nos institutions\u00bb, a-t-il d\u00e9clar\u00e9. Face \u00e0 cette situation, M. Sakand\u00e9 a rendu hommage aux Forces de d\u00e9fense et de s\u00e9curit\u00e9 (FDS) d\u00e9ploy\u00e9es sur le terrain. \u00abEn ces moments d\u2019\u00e9preuves, de drames, de larmes et de souffrances, les grands hommes r\u00e9v\u00e9l\u00e9s par la trag\u00e9die, ce sont nos militaires, nos gendarmes, nos policiers, nos douaniers, et nos Eaux et for\u00eats qui sont engag\u00e9s sur les th\u00e9\u00e2tres d\u2019op\u00e9ration avec professionnalisme et d\u00e9termination, mais parfois au p\u00e9ril de leur vie, pour d\u00e9fendre la nation\u00bb, a-t-il magnifi\u00e9. De l\u2019avis du patron de l\u2019Assembl\u00e9e nationale, m\u00eame si cette guerre incombe, en priorit\u00e9, aux FDS qui ont choisi le m\u00e9tier des armes, c\u2019est le peuple tout entier qui doit se sentir engag\u00e9, solidaire de leurs efforts et de leur sacrifice.<\/p>\n<p>Au sujet de la fronde sociale, l\u2019unique intervenant a laiss\u00e9 entendre que si elle t\u00e9moigne, dans une certaine mesure de la vitalit\u00e9 de la d\u00e9mocratie burkinab\u00e8, force est de constater que \u00abl\u2019intransigeance\u00bb et le \u00abcorporatisme\u00bb \u00e0 \u00aboutrance\u00bb qui sous-tendent certaines revendications menacent l\u2019avenir du secteur public au Burkina Faso. Il a donc saisi l\u2019occasion pour appeler l\u2019ensemble des syndicats \u00e0 accepter exceptionnellement la tr\u00eave sociale demand\u00e9e par le gouvernement. Cela, a-t-il expliqu\u00e9, au regard de la guerre qu\u2019impose la n\u00e9buleuse terroriste au pays. \u00abEn \u00e9change, j\u2019exhorte le gouvernement \u00e0 engager et \u00e0 \u00e9largir un dialogue social franc et f\u00e9cond avec les principaux acteurs du monde du travail, avec pour seule boussole l\u2019int\u00e9r\u00eat g\u00e9n\u00e9ral\u00bb, a-t-il lanc\u00e9 au Premier ministre qui assistait \u00e0 la cl\u00f4ture de la session.<\/p>\n<p class=\"c1\"><strong>Beyon Romain NEBIE<\/strong><br \/><strong>nbeyonromain@yahoo.fr<\/strong><\/p>\n<div class=\"td-a-rec td-a-rec-id-content_bottom td_uid_31_5cf6e63b03a1c_rand td_block_template_1\"><img loading=\"lazy\" decoding=\"async\" class=\"alignright size-full wp-image-1724\" src=\"https:\/\/www.sidwaya.info\/wp-content\/uploads\/2018\/12\/sidwaya-pub.jpg\" alt=\"\" width=\"720\" height=\"90\"\/><\/div>\n<p>Auteur: DD. Sidwaya<br \/>\n<a href=\"https:\/\/www.sidwaya.info\/blog\/2019\/06\/04\/assemblee-nationale-42-lois-adoptees\/\">Cliquez ici pour lire l&rsquo;article depuis sa source.<\/a><\/p>\n","protected":false},"excerpt":{"rendered":"<p>La premi\u00e8re session ordinaire de l\u2019Assembl\u00e9e nationale au titre de l\u2019ann\u00e9e en cours a clos ses travaux, le lundi 3 juin 2019 \u00e0 Ouagadougou. La c\u00e9r\u00e9monie, marqu\u00e9e par le discours du pr\u00e9sident, Alassane Bala Sakand\u00e9, a connu la pr\u00e9sence d\u2019\u00e9minentes personnalit\u00e9s dont le Premier ministre et des ambassadeurs. Apr\u00e8s trois mois de travaux, la premi\u00e8re [&hellip;]<\/p>\n","protected":false},"author":1816,"featured_media":0,"comment_status":"closed","ping_status":"closed","sticky":false,"template":"","format":"standard","meta":{"fifu_image_url":"","fifu_image_alt":"","footnotes":""},"categories":[73,81],"tags":[],"class_list":["post-38730","post","type-post","status-publish","format-standard","hentry","category-actualite","category-burkina-faso"],"_links":{"self":[{"href":"https:\/\/linitiative.ca\/International\/wp-json\/wp\/v2\/posts\/38730","targetHints":{"allow":["GET"]}}],"collection":[{"href":"https:\/\/linitiative.ca\/International\/wp-json\/wp\/v2\/posts"}],"about":[{"href":"https:\/\/linitiative.ca\/International\/wp-json\/wp\/v2\/types\/post"}],"author":[{"embeddable":true,"href":"https:\/\/linitiative.ca\/International\/wp-json\/wp\/v2\/users\/1816"}],"replies":[{"embeddable":true,"href":"https:\/\/linitiative.ca\/International\/wp-json\/wp\/v2\/comments?post=38730"}],"version-history":[{"count":0,"href":"https:\/\/linitiative.ca\/International\/wp-json\/wp\/v2\/posts\/38730\/revisions"}],"wp:attachment":[{"href":"https:\/\/linitiative.ca\/International\/wp-json\/wp\/v2\/media?parent=38730"}],"wp:term":[{"taxonomy":"category","embeddable":true,"href":"https:\/\/linitiative.ca\/International\/wp-json\/wp\/v2\/categories?post=38730"},{"taxonomy":"post_tag","embeddable":true,"href":"https:\/\/linitiative.ca\/International\/wp-json\/wp\/v2\/tags?post=38730"}],"curies":[{"name":"wp","href":"https:\/\/api.w.org\/{rel}","templated":true}]}}