{"id":38731,"date":"2019-06-04T16:28:38","date_gmt":"2019-06-04T20:28:38","guid":{"rendered":"https:\/\/linitiative.ca\/International\/fete-de-laid-el-fitr-communion-fraternelle-pour-la-paix\/"},"modified":"2019-06-04T16:28:38","modified_gmt":"2019-06-04T20:28:38","slug":"fete-de-laid-el-fitr-communion-fraternelle-pour-la-paix","status":"publish","type":"post","link":"https:\/\/linitiative.ca\/International\/fete-de-laid-el-fitr-communion-fraternelle-pour-la-paix\/","title":{"rendered":"F\u00eate de l\u2019A\u00efd El Fitr : communion fraternelle pour la paix"},"content":{"rendered":"<div class=\"td-post-featured-image\"><a href=\"https:\/\/i1.wp.com\/www.sidwaya.info\/wp-content\/uploads\/2019\/06\/1-7.jpg?fit=738%2C493&#038;ssl=1\" data-caption=\"\"><img loading=\"lazy\" decoding=\"async\" width=\"696\" height=\"465\" class=\"entry-thumb td-modal-image\" src=\"https:\/\/i1.wp.com\/www.sidwaya.info\/wp-content\/uploads\/2019\/06\/1-7.jpg?resize=696%2C465&#038;ssl=1\" srcset=\"https:\/\/i1.wp.com\/www.sidwaya.info\/wp-content\/uploads\/2019\/06\/1-7.jpg?w=738&#038;ssl=1 738w, https:\/\/i1.wp.com\/www.sidwaya.info\/wp-content\/uploads\/2019\/06\/1-7.jpg?resize=300%2C200&#038;ssl=1 300w, https:\/\/i1.wp.com\/www.sidwaya.info\/wp-content\/uploads\/2019\/06\/1-7.jpg?resize=696%2C465&#038;ssl=1 696w, https:\/\/i1.wp.com\/www.sidwaya.info\/wp-content\/uploads\/2019\/06\/1-7.jpg?resize=629%2C420&#038;ssl=1 629w\" sizes=\"auto, (max-width: 696px) 100vw, 696px\" alt=\"\" title=\"1\"\/><\/a><\/div>\n<div class=\"td-a-rec td-a-rec-id-content_top td_uid_30_5cf6e63ed31c1_rand td_block_template_1\"><img loading=\"lazy\" decoding=\"async\" class=\"aligncenter size-full wp-image-4463\" src=\"https:\/\/www.sidwaya.info\/wp-content\/uploads\/2019\/02\/FESPACO-TOUR-2019-Bannie%CC%80re-728x90-1.jpg\" alt=\"\" width=\"728\" height=\"90\"\/><\/div>\n<p><strong>La communaut\u00e9 musulmane du Burkina Faso a c\u00e9l\u00e9br\u00e9, le mardi 4 juin 2019, la f\u00eate de l\u2019A\u00efd el Fitr. A Ouagadougou, des fid\u00e8les ont pri\u00e9 \u00e0 la place de la Nation sous l\u2019\u00e9gide de l\u2019imam, El Hadj Mohamadi Kiemtor\u00e9.<\/strong><\/p>\n<p>La communaut\u00e9 musulmane du Burkina Faso est en f\u00eate. Apr\u00e8s 29 jours de je\u00fbne, des fid\u00e8les se sont donn\u00e9 rendez-vous \u00e0 la place de Nation de Ouagadougou, pour la grande pri\u00e8re marquant la fin du mois de Ramadan. V\u00eatus de beaux habits, certains chantaient tandis que d\u2019autres r\u00e9citaient des versets du Coran pour \u00abdire merci \u00e0 Allah\u00bb pour cette gr\u00e2ce de c\u00e9l\u00e9brer l\u2019A\u00efd el Fitr (la f\u00eate de la rupture). Pour cette pri\u00e8re sp\u00e9ciale marquant la fin d\u2019un mois de privation, de pri\u00e8res, d\u2019invocations, de partage\u2026c\u2019est l\u2019imam, El Hadj Mohamadi Kiemtor\u00e9, qui a offici\u00e9 la pri\u00e8re.<\/p>\n<p>Apr\u00e8s le c\u00e9r\u00e9monial de la c\u00e9l\u00e9bration (ndlr\u00a0: deux rakats et des b\u00e9n\u00e9dictions), il a livr\u00e9 son sermon \u00e0 la Oummah islamique de Ouagadougou. D\u2019abord, l\u2019imam a remerci\u00e9 Allah pour avoir permis aux musulmans de je\u00fbner \u00abdans sa paix et sa gr\u00e2ce\u00bb. Il a souhait\u00e9 que le je\u00fbne de tous soit agr\u00e9\u00e9 par Allah et que sa mis\u00e9ricorde s\u2019\u00e9tende sur tous les Burkinab\u00e8. Ensuite, il a rappel\u00e9 \u00e0 ses coreligionnaires la n\u00e9cessit\u00e9 du vivre-ensemble. C\u2019est pourquoi, il a remerci\u00e9 toutes les confessions religieuses qui ont effectu\u00e9 le d\u00e9placement de la place de la Nation pour venir les soutenir en cette journ\u00e9e de r\u00e9jouissance. Selon l\u2019imam, leur acte t\u00e9moigne de la fraternit\u00e9 entre les fils et filles du pays des Hommes int\u00e8gres.<\/p>\n<p>Enfin, l\u2019imam Kiemtor\u00e9 a invit\u00e9 tous les Burkinab\u00e8 \u00e0 s\u2019unir pour b\u00e2tir une nation de paix et de prosp\u00e9rit\u00e9. \u00abC\u2019est main dans la main que nous allons surmonter les \u00e9preuves\u00bb, a-t-il dit aux fid\u00e8les. Abondant dans le m\u00eame sens, le Premier ministre, Christophe Joseph Marie Dabir\u00e9, a reconnu que la pr\u00e9sence d\u2019autres communaut\u00e9s \u00e0 la pri\u00e8re de l\u2019A\u00efd el Fitr prouve que les Burkinab\u00e8 sont en communion. La f\u00eate de l\u2019A\u00efd el Fitr est tr\u00e8s importante pour les musulmans comme pour les catholiques, a affirm\u00e9 le cardinal Philippe Ou\u00e9draogo. \u00abLeur joie est notre joie\u00bb, a-t-il dit.<\/p>\n<p><strong>\u00abNous devons nous unir\u00bb<\/strong><\/p>\n<p>Donc, en cette journ\u00e9e heureuse pour la communaut\u00e9 musulmane, a-t-il confi\u00e9, le Pape Fran\u00e7ois a envoy\u00e9 un message sp\u00e9cial aux musulmans\u00a0: \u00abmusulmans et chr\u00e9tiens\u00a0: ensemble pour promouvoir la fraternit\u00e9 humaine universelle\u00bb. Le cardinal a souhait\u00e9 que les chr\u00e9tiens et les musulmans puissent abattre les murs de l\u2019ignorance, de la haine, des incompr\u00e9hensions afin de b\u00e2tir des ponts d\u2019amiti\u00e9, de fraternit\u00e9, de compr\u00e9hension mutuelle et de tol\u00e9rance\u2026sous fond de dialogue. Au Burkina Faso, les attaques terroristes visant des lieux de culte et des religieux ont \u00ab\u00e9branl\u00e9\u00bb le vivre-ensemble. Pour le pr\u00e9sident de l\u2019Assembl\u00e9e nationale, Alassane Bala Sakand\u00e9, ceux qui attaquent le pays des Hommes int\u00e8gres n\u2019ont pas d\u2019ethnie, ni de religion, ce sont des ennemis du pays.<\/p>\n<p>Il a insist\u00e9 que les musulmans et les chr\u00e9tiens sont des fr\u00e8res. \u00abQue nous soyons Mossi, Dioula, Gourmantch\u00e9, Peulh\u2026il faut qu\u2019on puisse savoir ce qui nous r\u00e9unit<br \/>tous. Nous devons nous unir, toutes confessions religieuses confondues, pour lutter contre le seul ennemi du Burkina Faso qu\u2019est le terrorisme. Nous prions Allah pour qu\u2019il b\u00e9nisse notre pays\u00bb, a d\u00e9clar\u00e9 le PAN. \u00abQue notre pays retrouve le calme et la s\u00e9r\u00e9nit\u00e9 afin d\u2019avancer vers le d\u00e9veloppement pour le bonheur des fils et filles du pays\u00bb, a souhait\u00e9 Christophe Joseph Marie Dabir\u00e9.<\/p>\n<p class=\"c1\"><strong>Abdel Aziz NABALOUM<\/strong><br \/><strong>emirathe@yahoo.fr<\/strong><\/p>\n<div class=\"td-a-rec td-a-rec-id-content_bottom td_uid_31_5cf6e63ed3359_rand td_block_template_1\"><img loading=\"lazy\" decoding=\"async\" class=\"alignright size-full wp-image-1724\" src=\"https:\/\/www.sidwaya.info\/wp-content\/uploads\/2018\/12\/sidwaya-pub.jpg\" alt=\"\" width=\"720\" height=\"90\"\/><\/div>\n<p>Auteur: DD. Sidwaya<br \/>\n<a href=\"https:\/\/www.sidwaya.info\/blog\/2019\/06\/04\/fete-de-laid-el-fitr-communion-fraternelle-pour-la-paix-2\/\">Cliquez ici pour lire l&rsquo;article depuis sa source.<\/a><\/p>\n","protected":false},"excerpt":{"rendered":"<p>La communaut\u00e9 musulmane du Burkina Faso a c\u00e9l\u00e9br\u00e9, le mardi 4 juin 2019, la f\u00eate de l\u2019A\u00efd el Fitr. A Ouagadougou, des fid\u00e8les ont pri\u00e9 \u00e0 la place de la Nation sous l\u2019\u00e9gide de l\u2019imam, El Hadj Mohamadi Kiemtor\u00e9. La communaut\u00e9 musulmane du Burkina Faso est en f\u00eate. Apr\u00e8s 29 jours de je\u00fbne, des fid\u00e8les [&hellip;]<\/p>\n","protected":false},"author":1816,"featured_media":0,"comment_status":"closed","ping_status":"closed","sticky":false,"template":"","format":"standard","meta":{"fifu_image_url":"","fifu_image_alt":"","footnotes":""},"categories":[73,81],"tags":[],"class_list":["post-38731","post","type-post","status-publish","format-standard","hentry","category-actualite","category-burkina-faso"],"_links":{"self":[{"href":"https:\/\/linitiative.ca\/International\/wp-json\/wp\/v2\/posts\/38731","targetHints":{"allow":["GET"]}}],"collection":[{"href":"https:\/\/linitiative.ca\/International\/wp-json\/wp\/v2\/posts"}],"about":[{"href":"https:\/\/linitiative.ca\/International\/wp-json\/wp\/v2\/types\/post"}],"author":[{"embeddable":true,"href":"https:\/\/linitiative.ca\/International\/wp-json\/wp\/v2\/users\/1816"}],"replies":[{"embeddable":true,"href":"https:\/\/linitiative.ca\/International\/wp-json\/wp\/v2\/comments?post=38731"}],"version-history":[{"count":0,"href":"https:\/\/linitiative.ca\/International\/wp-json\/wp\/v2\/posts\/38731\/revisions"}],"wp:attachment":[{"href":"https:\/\/linitiative.ca\/International\/wp-json\/wp\/v2\/media?parent=38731"}],"wp:term":[{"taxonomy":"category","embeddable":true,"href":"https:\/\/linitiative.ca\/International\/wp-json\/wp\/v2\/categories?post=38731"},{"taxonomy":"post_tag","embeddable":true,"href":"https:\/\/linitiative.ca\/International\/wp-json\/wp\/v2\/tags?post=38731"}],"curies":[{"name":"wp","href":"https:\/\/api.w.org\/{rel}","templated":true}]}}