{"id":38732,"date":"2019-06-04T16:34:27","date_gmt":"2019-06-04T20:34:27","guid":{"rendered":"https:\/\/linitiative.ca\/International\/ramadan-2019-le-vivre-ensemble-et-la-paix-preches-a-bobo-dioulasso-et-a-gaoua\/"},"modified":"2019-06-04T16:34:27","modified_gmt":"2019-06-04T20:34:27","slug":"ramadan-2019-le-vivre-ensemble-et-la-paix-preches-a-bobo-dioulasso-et-a-gaoua","status":"publish","type":"post","link":"https:\/\/linitiative.ca\/International\/ramadan-2019-le-vivre-ensemble-et-la-paix-preches-a-bobo-dioulasso-et-a-gaoua\/","title":{"rendered":"Ramadan 2019 : le vivre-ensemble et la paix pr\u00each\u00e9s  \u00e0 Bobo-Dioulasso et \u00e0 Gaoua"},"content":{"rendered":"<div class=\"td-post-featured-image\"><a href=\"https:\/\/i1.wp.com\/www.sidwaya.info\/wp-content\/uploads\/2019\/06\/2-5.jpg?fit=738%2C553&#038;ssl=1\" data-caption=\"\"><img loading=\"lazy\" decoding=\"async\" width=\"696\" height=\"522\" class=\"entry-thumb td-modal-image\" src=\"https:\/\/i1.wp.com\/www.sidwaya.info\/wp-content\/uploads\/2019\/06\/2-5.jpg?resize=696%2C522&#038;ssl=1\" srcset=\"https:\/\/i1.wp.com\/www.sidwaya.info\/wp-content\/uploads\/2019\/06\/2-5.jpg?w=738&#038;ssl=1 738w, https:\/\/i1.wp.com\/www.sidwaya.info\/wp-content\/uploads\/2019\/06\/2-5.jpg?resize=300%2C225&#038;ssl=1 300w, https:\/\/i1.wp.com\/www.sidwaya.info\/wp-content\/uploads\/2019\/06\/2-5.jpg?resize=80%2C60&#038;ssl=1 80w, https:\/\/i1.wp.com\/www.sidwaya.info\/wp-content\/uploads\/2019\/06\/2-5.jpg?resize=265%2C198&#038;ssl=1 265w, https:\/\/i1.wp.com\/www.sidwaya.info\/wp-content\/uploads\/2019\/06\/2-5.jpg?resize=696%2C522&#038;ssl=1 696w, https:\/\/i1.wp.com\/www.sidwaya.info\/wp-content\/uploads\/2019\/06\/2-5.jpg?resize=561%2C420&#038;ssl=1 561w\" sizes=\"auto, (max-width: 696px) 100vw, 696px\" alt=\"\" title=\"2\"\/><\/a><\/div>\n<div class=\"td-a-rec td-a-rec-id-content_top td_uid_30_5cf6e6431316d_rand td_block_template_1\"><img loading=\"lazy\" decoding=\"async\" class=\"aligncenter size-full wp-image-4463\" src=\"https:\/\/www.sidwaya.info\/wp-content\/uploads\/2019\/02\/FESPACO-TOUR-2019-Bannie%CC%80re-728x90-1.jpg\" alt=\"\" width=\"728\" height=\"90\"\/><\/div>\n<p><strong>Les fid\u00e8les musulmans ont c\u00e9l\u00e9br\u00e9 la f\u00eate d\u2019A\u00efd-el-fitr, le mardi 4 juin 2019. A Bobo-Dioulasso et \u00e0 Gaoua, comme l\u2019on pouvait s\u2019y attendre, la paix, la coh\u00e9sion sociale et le bon vivre-ensemble ont \u00e9t\u00e9 au centre des v\u0153ux pendant la pri\u00e8re marquant la fin du je\u00fbne.<\/strong><\/p>\n<p>La place Wara wara de Bobo-Dioulasso \u00e9tait bond\u00e9e de monde en cette matin\u00e9e du mardi 4 juin 2019. La cause, la pri\u00e8re marquant la fin du mois de je\u00fbne musulman, encore appel\u00e9e A\u00efd-el-fitr. Hommes, femmes, et enfants, bien endimanch\u00e9s, ont fait le d\u00e9placement pour la circonstance. Tous mass\u00e9s derri\u00e8re le grand imam de la grande mosqu\u00e9e de Dioulassoba, Siaka Sanou. Il \u00e9tait 9 h quand le pr\u00e9dicateur d\u00e9bute son sermon. Sans surprise, la situation s\u00e9curitaire et sociale critique que traverse actuellement le pays des Hommes int\u00e8gres, a \u00e9t\u00e9 au centre de cette communion.<\/p>\n<p>Siaka Sanou, a donc pr\u00each\u00e9 pour la paix, la coh\u00e9sion sociale, le dialogue et le vivre-ensemble pour le Burkina Faso. \u00abQue tout fils du pays, quelle qu\u2019en soit sa religion, ait l\u2019amour pour son prochain\u00bb, a clam\u00e9 l\u2019imam Sanou. Avant de pr\u00e9ciser que c\u2019est ainsi que conseille la religion. Comme il est de coutume ces derni\u00e8res ann\u00e9es, des autorit\u00e9s r\u00e9gionales, avec \u00e0 leur t\u00eate, le gouverneur, Antoine Atiou, ont honor\u00e9 de leur pr\u00e9sence \u00e0 la place wara- wara.<\/p>\n<p>Ils ont, dans la m\u00eame veine, pr\u00each\u00e9 les m\u00eames valeurs que le grand imam. \u00abNous avons demand\u00e9 qu\u2019ils prient pour la paix, la s\u00e9curit\u00e9 et la tol\u00e9rance dans notre pays\u00bb, a laiss\u00e9 entendre le gouverneur Atiou. La communaut\u00e9 catholique a \u00e9t\u00e9 repr\u00e9sent\u00e9e par M. Stanislas Sanon. \u00abNous sommes l\u00e0 pour t\u00e9moigner notre solidarit\u00e9\u00bb, a-t-il fait savoir. Et de souhaiter \u00e0 son tour que le Burkina Faso retrouve sa paix d\u2019antan.<\/p>\n<p>Les fid\u00e8les musulmans n\u2019ont pas tari de souhaits, \u00e0 l\u2019occasion. C\u2019est l\u2019exemple de Ousmane Sanou qui a fait une mention sp\u00e9ciale aux forces de d\u00e9fense et de s\u00e9curit\u00e9. \u00abJ\u2019ai une pens\u00e9e \u00e0 l\u2019endroit des \u00e9l\u00e9ments des forces de d\u00e9fense et de s\u00e9curit\u00e9 qui sont morts pour la patrie\u00bb, a confi\u00e9 celui- l\u00e0 qui est charg\u00e9 de mission \u00e0 la pr\u00e9sidence de la Chambre r\u00e9gionale de commerce et d\u2019industrie des Hauts-Bassins. Dans la cit\u00e9 de Bafuji, c\u2019est la place de la R\u00e9volution qui a abrit\u00e9 la pri\u00e8re. Pour l\u2019occasion, l\u2019Imam Salam Sissoko a remerci\u00e9 Allah pour avoir permis \u00e0 sa communaut\u00e9 de faire des lectures de Coran, de sacrifices et de b\u00e9n\u00e9dictions durant un mois.<\/p>\n<p><strong>M\u00eame ambiance \u00e0 Gaoua<\/strong><\/p>\n<p>Il est aussi revenu sur le sens du je\u00fbne dans l\u2019islam. Ainsi, l\u2019imam a appel\u00e9 les fid\u00e8les au respect de la volont\u00e9 d\u2019 Allah dans la vie de tous les jours.<\/p>\n<p>Par ailleurs, Salam Sissoko a invit\u00e9 \u00e0 la tol\u00e9rance car elle est une vertu fondamentale pour le mieux vivre- ensemble des communaut\u00e9s. Le sens de ce temps de je\u00fbne est bien compris des fid\u00e8les. C\u2019est ainsi que pour le procureur du Faso pr\u00e8s le Tribunal de grande instance de Gaoua, Yssouf Sanou, confie que le car\u00eame est un moment de recueillement. En outre, il laisse entendre qu\u2019il est aussi un temps de retraite spirituelle, d\u2019expiation des p\u00e9ch\u00e9s et de gr\u00e2ces. Ensuite, M. Sanou d\u00e9clare que pendant cette f\u00eate du Ramadan, il a une pens\u00e9e \u00e0 l\u2019endroit de toutes les personnes qui sont dans la d\u00e9tresse, les forces de l\u2019ordre en combat contre le terrorisme, les malades et les d\u00e9sh\u00e9rit\u00e9s. A cette c\u00e9l\u00e9bration, l\u2019administration r\u00e9gionale a \u00e9t\u00e9 repr\u00e9sent\u00e9e par le gouverneur de la r\u00e9gion du Sud-Ouest Tagss\u00e9ba Niti\u00e9ma.<\/p>\n<p>De son avis, le mois de ramadan s\u2019est pass\u00e9 dans la paix dans la r\u00e9gion.<br \/>Pour ce faire M. le gouverneur appelle tous les acteurs de la contr\u00e9e \u00e0 travailler pour la paix, la coh\u00e9sion sociale.<\/p>\n<p class=\"c1\"><strong>Evariste YODA<\/strong><br \/><strong>Ibrahim NIAONE<\/strong><br \/><strong>Moussa Traor\u00e9 SON<\/strong><br \/><strong>(Stagiaires)<\/strong><\/p>\n<div class=\"td-a-rec td-a-rec-id-content_bottom td_uid_31_5cf6e64313310_rand td_block_template_1\"><img loading=\"lazy\" decoding=\"async\" class=\"alignright size-full wp-image-1724\" src=\"https:\/\/www.sidwaya.info\/wp-content\/uploads\/2018\/12\/sidwaya-pub.jpg\" alt=\"\" width=\"720\" height=\"90\"\/><\/div>\n<p>Auteur: DD. Sidwaya<br \/>\n<a href=\"https:\/\/www.sidwaya.info\/blog\/2019\/06\/04\/ramadan-2019-le-vivre-ensemble-et-la-paix-preches-a-bobo-dioulasso-et-a-gaoua\/\">Cliquez ici pour lire l&rsquo;article depuis sa source.<\/a><\/p>\n","protected":false},"excerpt":{"rendered":"<p>Les fid\u00e8les musulmans ont c\u00e9l\u00e9br\u00e9 la f\u00eate d\u2019A\u00efd-el-fitr, le mardi 4 juin 2019. A Bobo-Dioulasso et \u00e0 Gaoua, comme l\u2019on pouvait s\u2019y attendre, la paix, la coh\u00e9sion sociale et le bon vivre-ensemble ont \u00e9t\u00e9 au centre des v\u0153ux pendant la pri\u00e8re marquant la fin du je\u00fbne. La place Wara wara de Bobo-Dioulasso \u00e9tait bond\u00e9e de [&hellip;]<\/p>\n","protected":false},"author":1816,"featured_media":0,"comment_status":"closed","ping_status":"closed","sticky":false,"template":"","format":"standard","meta":{"fifu_image_url":"","fifu_image_alt":"","footnotes":""},"categories":[73,81],"tags":[],"class_list":["post-38732","post","type-post","status-publish","format-standard","hentry","category-actualite","category-burkina-faso"],"_links":{"self":[{"href":"https:\/\/linitiative.ca\/International\/wp-json\/wp\/v2\/posts\/38732","targetHints":{"allow":["GET"]}}],"collection":[{"href":"https:\/\/linitiative.ca\/International\/wp-json\/wp\/v2\/posts"}],"about":[{"href":"https:\/\/linitiative.ca\/International\/wp-json\/wp\/v2\/types\/post"}],"author":[{"embeddable":true,"href":"https:\/\/linitiative.ca\/International\/wp-json\/wp\/v2\/users\/1816"}],"replies":[{"embeddable":true,"href":"https:\/\/linitiative.ca\/International\/wp-json\/wp\/v2\/comments?post=38732"}],"version-history":[{"count":0,"href":"https:\/\/linitiative.ca\/International\/wp-json\/wp\/v2\/posts\/38732\/revisions"}],"wp:attachment":[{"href":"https:\/\/linitiative.ca\/International\/wp-json\/wp\/v2\/media?parent=38732"}],"wp:term":[{"taxonomy":"category","embeddable":true,"href":"https:\/\/linitiative.ca\/International\/wp-json\/wp\/v2\/categories?post=38732"},{"taxonomy":"post_tag","embeddable":true,"href":"https:\/\/linitiative.ca\/International\/wp-json\/wp\/v2\/tags?post=38732"}],"curies":[{"name":"wp","href":"https:\/\/api.w.org\/{rel}","templated":true}]}}