{"id":38734,"date":"2019-06-04T16:41:30","date_gmt":"2019-06-04T20:41:30","guid":{"rendered":"https:\/\/linitiative.ca\/International\/cour-de-cassation-francaise-lextradition-de-francois-compaore-validee\/"},"modified":"2019-06-04T16:41:30","modified_gmt":"2019-06-04T20:41:30","slug":"cour-de-cassation-francaise-lextradition-de-francois-compaore-validee","status":"publish","type":"post","link":"https:\/\/linitiative.ca\/International\/cour-de-cassation-francaise-lextradition-de-francois-compaore-validee\/","title":{"rendered":"Cour de cassation fran\u00e7aise : l\u2019extradition de Fran\u00e7ois Compaor\u00e9 valid\u00e9e"},"content":{"rendered":"<div class=\"td-post-featured-image\"><a href=\"https:\/\/i2.wp.com\/www.sidwaya.info\/wp-content\/uploads\/2019\/06\/1-8.jpg?fit=738%2C514&#038;ssl=1\" data-caption=\"\"><img loading=\"lazy\" decoding=\"async\" width=\"696\" height=\"485\" class=\"entry-thumb td-modal-image\" src=\"https:\/\/i2.wp.com\/www.sidwaya.info\/wp-content\/uploads\/2019\/06\/1-8.jpg?resize=696%2C485&#038;ssl=1\" srcset=\"https:\/\/i2.wp.com\/www.sidwaya.info\/wp-content\/uploads\/2019\/06\/1-8.jpg?w=738&#038;ssl=1 738w, https:\/\/i2.wp.com\/www.sidwaya.info\/wp-content\/uploads\/2019\/06\/1-8.jpg?resize=300%2C209&#038;ssl=1 300w, https:\/\/i2.wp.com\/www.sidwaya.info\/wp-content\/uploads\/2019\/06\/1-8.jpg?resize=100%2C70&#038;ssl=1 100w, https:\/\/i2.wp.com\/www.sidwaya.info\/wp-content\/uploads\/2019\/06\/1-8.jpg?resize=696%2C485&#038;ssl=1 696w, https:\/\/i2.wp.com\/www.sidwaya.info\/wp-content\/uploads\/2019\/06\/1-8.jpg?resize=603%2C420&#038;ssl=1 603w\" sizes=\"auto, (max-width: 696px) 100vw, 696px\" alt=\"\" title=\"1\"\/><\/a><\/div>\n<div class=\"td-a-rec td-a-rec-id-content_top td_uid_30_5cf6e64ac0ec9_rand td_block_template_1\"><img loading=\"lazy\" decoding=\"async\" class=\"aligncenter size-full wp-image-4463\" src=\"https:\/\/www.sidwaya.info\/wp-content\/uploads\/2019\/02\/FESPACO-TOUR-2019-Bannie%CC%80re-728x90-1.jpg\" alt=\"\" width=\"728\" height=\"90\"\/><\/div>\n<p><strong>La Cour de cassation fran\u00e7aise a valid\u00e9, mardi 4 juin 2019, l\u2019extradition de Fran\u00e7ois Compaor\u00e9 vers le Burkina Faso, rejetant le pourvoi d\u00e9pos\u00e9 par le fr\u00e8re de l\u2019ex-pr\u00e9sident burkinab\u00e8 d\u00e9chu, mis en cause dans l\u2019enqu\u00eate sur l\u2019assassinat en 1998 du journaliste Norbert Zongo.<\/strong><\/p>\n<p>Le mercredi 5 d\u00e9cembre 2018, la Cour d\u2019appel de Paris autorisait l\u2019extradition vers le Burkina Faso de Fran\u00e7ois Compaor\u00e9, mis en cause dans l\u2019enqu\u00eate sur l\u2019assassinat du journaliste Norbert Zongo en 1998. D\u00e8s l\u2019annonce de la d\u00e9cision, ses avocats s\u2019\u00e9taient pourvus en cassation. Le mardi 4 juin 2019, la Cour de cassation fran\u00e7aise a valid\u00e9 l\u2019extradition. Mais cette d\u00e9cision ne met pas fin aux tractations judiciaires. Pour \u00eatre effective, cette extradition doit encore \u00eatre autoris\u00e9e par un d\u00e9cret du gouvernement fran\u00e7ais, lui-m\u00eame susceptible d\u2019un recours devant le Conseil d\u2019Etat.<\/p>\n<p>De plus, le fr\u00e8re cadet de l\u2019ancien pr\u00e9sident burkinab\u00e8 a encore la possibilit\u00e9 de d\u00e9poser un recours devant la Cour europ\u00e9enne de justice. C\u2019est dire donc que la d\u00e9fense de Fran\u00e7ois Compaor\u00e9 usera de tous les moyens l\u00e9gaux pour emp\u00eacher l\u2019extradition de son client ou \u00e0 d\u00e9faut, la retarder. En rappel, Fran\u00e7ois Compaor\u00e9 avait \u00e9t\u00e9 arr\u00eat\u00e9 \u00e0 l\u2019a\u00e9roport parisien Roissy-Charles-de-Gaulle en octobre 2017 sur la base d\u2019un mandat d\u2019arr\u00eat \u00e9mis le 5 mai 2017 par les autorit\u00e9s de Ouagadougou. Depuis le 13 d\u00e9cembre 2017 (21e anniversaire de l\u2019assassinat), date de notification \u00e0 Fran\u00e7ois Compaor\u00e9 de la demande d\u2019extradition du Burkina Faso par la Chambre du contr\u00f4le de l\u2019instruction de la Cour d\u2019appel de Paris, les audiences s\u2019\u00e9taient succ\u00e9d\u00e9 le 7 mars 2018, le 13 juin 2018 et le 3 octobre 2018 avant que la justice fran\u00e7aise ne d\u00e9cide le 5 d\u00e9cembre de son extradition vers le Burkina Faso.<\/p>\n<p class=\"c1\"><strong>Jean-Marie TOE<\/strong><\/p>\n<div class=\"td-a-rec td-a-rec-id-content_bottom td_uid_31_5cf6e64ac1062_rand td_block_template_1\"><img loading=\"lazy\" decoding=\"async\" class=\"alignright size-full wp-image-1724\" src=\"https:\/\/www.sidwaya.info\/wp-content\/uploads\/2018\/12\/sidwaya-pub.jpg\" alt=\"\" width=\"720\" height=\"90\"\/><\/div>\n<p>Auteur: DD. Sidwaya<br \/>\n<a href=\"https:\/\/www.sidwaya.info\/blog\/2019\/06\/04\/cour-de-cassation-francaise-lextradition-de-francois-compaore-validee\/\">Cliquez ici pour lire l&rsquo;article depuis sa source.<\/a><\/p>\n","protected":false},"excerpt":{"rendered":"<p>La Cour de cassation fran\u00e7aise a valid\u00e9, mardi 4 juin 2019, l\u2019extradition de Fran\u00e7ois Compaor\u00e9 vers le Burkina Faso, rejetant le pourvoi d\u00e9pos\u00e9 par le fr\u00e8re de l\u2019ex-pr\u00e9sident burkinab\u00e8 d\u00e9chu, mis en cause dans l\u2019enqu\u00eate sur l\u2019assassinat en 1998 du journaliste Norbert Zongo. Le mercredi 5 d\u00e9cembre 2018, la Cour d\u2019appel de Paris autorisait l\u2019extradition [&hellip;]<\/p>\n","protected":false},"author":1816,"featured_media":0,"comment_status":"closed","ping_status":"closed","sticky":false,"template":"","format":"standard","meta":{"fifu_image_url":"","fifu_image_alt":"","footnotes":""},"categories":[73,81],"tags":[],"class_list":["post-38734","post","type-post","status-publish","format-standard","hentry","category-actualite","category-burkina-faso"],"_links":{"self":[{"href":"https:\/\/linitiative.ca\/International\/wp-json\/wp\/v2\/posts\/38734","targetHints":{"allow":["GET"]}}],"collection":[{"href":"https:\/\/linitiative.ca\/International\/wp-json\/wp\/v2\/posts"}],"about":[{"href":"https:\/\/linitiative.ca\/International\/wp-json\/wp\/v2\/types\/post"}],"author":[{"embeddable":true,"href":"https:\/\/linitiative.ca\/International\/wp-json\/wp\/v2\/users\/1816"}],"replies":[{"embeddable":true,"href":"https:\/\/linitiative.ca\/International\/wp-json\/wp\/v2\/comments?post=38734"}],"version-history":[{"count":0,"href":"https:\/\/linitiative.ca\/International\/wp-json\/wp\/v2\/posts\/38734\/revisions"}],"wp:attachment":[{"href":"https:\/\/linitiative.ca\/International\/wp-json\/wp\/v2\/media?parent=38734"}],"wp:term":[{"taxonomy":"category","embeddable":true,"href":"https:\/\/linitiative.ca\/International\/wp-json\/wp\/v2\/categories?post=38734"},{"taxonomy":"post_tag","embeddable":true,"href":"https:\/\/linitiative.ca\/International\/wp-json\/wp\/v2\/tags?post=38734"}],"curies":[{"name":"wp","href":"https:\/\/api.w.org\/{rel}","templated":true}]}}