{"id":38735,"date":"2019-06-04T16:44:29","date_gmt":"2019-06-04T20:44:29","guid":{"rendered":"https:\/\/linitiative.ca\/International\/un-jeune-couple-brule-vif\/"},"modified":"2019-06-04T16:44:29","modified_gmt":"2019-06-04T20:44:29","slug":"un-jeune-couple-brule-vif","status":"publish","type":"post","link":"https:\/\/linitiative.ca\/International\/un-jeune-couple-brule-vif\/","title":{"rendered":"Un jeune couple br\u00fbl\u00e9 vif"},"content":{"rendered":"<div class=\"td-post-featured-image\"><a href=\"https:\/\/i2.wp.com\/www.sidwaya.info\/wp-content\/uploads\/2019\/06\/on-m.jpg?fit=787%2C525&#038;ssl=1\" data-caption=\"\"><img loading=\"lazy\" decoding=\"async\" width=\"696\" height=\"464\" class=\"entry-thumb td-modal-image\" src=\"https:\/\/i2.wp.com\/www.sidwaya.info\/wp-content\/uploads\/2019\/06\/on-m.jpg?resize=696%2C464&#038;ssl=1\" srcset=\"https:\/\/i2.wp.com\/www.sidwaya.info\/wp-content\/uploads\/2019\/06\/on-m.jpg?w=787&#038;ssl=1 787w, https:\/\/i2.wp.com\/www.sidwaya.info\/wp-content\/uploads\/2019\/06\/on-m.jpg?resize=300%2C200&#038;ssl=1 300w, https:\/\/i2.wp.com\/www.sidwaya.info\/wp-content\/uploads\/2019\/06\/on-m.jpg?resize=768%2C512&#038;ssl=1 768w, https:\/\/i2.wp.com\/www.sidwaya.info\/wp-content\/uploads\/2019\/06\/on-m.jpg?resize=696%2C464&#038;ssl=1 696w, https:\/\/i2.wp.com\/www.sidwaya.info\/wp-content\/uploads\/2019\/06\/on-m.jpg?resize=630%2C420&#038;ssl=1 630w\" sizes=\"auto, (max-width: 696px) 100vw, 696px\" alt=\"\" title=\"on m\"\/><\/a><\/div>\n<div class=\"td-a-rec td-a-rec-id-content_top td_uid_30_5cf6e64e4f320_rand td_block_template_1\"><img loading=\"lazy\" decoding=\"async\" class=\"aligncenter size-full wp-image-4463\" src=\"https:\/\/www.sidwaya.info\/wp-content\/uploads\/2019\/02\/FESPACO-TOUR-2019-Bannie%CC%80re-728x90-1.jpg\" alt=\"\" width=\"728\" height=\"90\"\/><\/div>\n<p><strong>Un jeune couple br\u00fbl\u00e9 vif<\/strong><br \/>Dans la matin\u00e9e du mercredi 29 mai 2019, Kantigui a \u00e9t\u00e9 r\u00e9veill\u00e9 par un appel l\u2019informant qu\u2019un jeune couple a \u00e9t\u00e9 br\u00fbl\u00e9 vif, dans la nuit du 27 au 28 mai \u00e0 Sanko\u00e9 dans la commune rurale de Y\u00e9, province du Nayala. En effet, selon les t\u00e9moignages, un jeune homme aurait asperg\u00e9 d\u2019essence le couple qui dormait \u00e0 la belle \u00e9toile, avant de mettre le feu sur les victimes. Pendant que la population s\u2019activait \u00e0 sauver les infortun\u00e9s, le pr\u00e9sum\u00e9 auteur a profit\u00e9 prendre ses jambes \u00e0 son cou, a-t-on expliqu\u00e9 \u00e0 Kantigui. Le bourreau serait l\u2019ancien mari de la jeune dame. Refusant d\u2019accepter sa rupture, son ancien conjoint a d\u00e9cid\u00e9 de commettre cet acte ignoble. Les deux victimes ont \u00e9t\u00e9 \u00e9vacu\u00e9es au Centre hospitalier r\u00e9gional (CHR) de D\u00e9dougou. Aux derni\u00e8res nouvelles, Kantigui a appris que les soins du couple se passent bien et que leurs vies ne seraient plus en danger. Kantigui se rappelle que dans cette m\u00eame commune de Y\u00e9, deux \u00e0 trois semaines plus t\u00f4t, une fille a \u00e9t\u00e9 asperg\u00e9e d\u2019eau bouillante par une femme, qui la soup\u00e7onnait de sortir avec son mari.<\/p>\n<p><strong>Un enseignant \u00e9choue \u00e0 violer son \u00e9l\u00e8ve<\/strong><br \/>Le lundi 27 mai 2019 dans la commune de Koti, province du Tuy dans les Hauts-Bassins, Kantigui a appris qu\u2019un enseignant aurait tent\u00e9 de violer son \u00e9l\u00e8ve de CP2, \u00e2g\u00e9e de 8 ans. Pour accomplir son acte, il lui aurait demand\u00e9 d\u2019apporter les cahiers de devoir \u00e0 son domicile dans l\u2019enceinte de l\u2019\u00e9cole. Une fois \u00e0 l\u2019int\u00e9rieur, il aurait d\u00e9shabill\u00e9 la fillette et proc\u00e9d\u00e9 \u00e0 des attouchements. Malheureusement pour lui, la victime a pu s\u2019\u00e9chapper et se serait r\u00e9fugi\u00e9 chez un pasteur. Voulant comprendre la situation, l\u2019homme de Dieu se serait rendu chez l\u2019enseignant en question qui aurait tent\u00e9 d\u2019acheter son silence avec de l\u2019argent. Face \u00e0 son refus, l\u2019enseignant aurait menac\u00e9 de se suicider si l\u2019histoire venait \u00e0 s\u2019\u00e9bruiter. Il est revenu \u00e0 Kantigui que par la suite, le pr\u00e9sum\u00e9 violeur aurait pris la cl\u00e9 des champs. De sources s\u00fbres, l\u2019enseignant incrimin\u00e9 serait pr\u00e9sentement en garde \u00e0 vue au commissariat de Founzan. Kantigui a ou\u00ef dire que celui-ci ne serait pas \u00e0 son premier forfait.<\/p>\n<p><strong>Le cri du c\u0153ur d\u2019un directeur de CEG<\/strong><br \/>Alors que les \u00e9preuves \u00e9crites du BEPC 2019 d\u00e9butent demain 6 juin, Kantigui a \u00e9t\u00e9 alert\u00e9 par un directeur de coll\u00e8ge de la r\u00e9gion du Centre-Nord qui d\u00e9nonce une gestion \u00abopaque\u00bb dans le choix des examinateurs. A entendre l\u2019int\u00e9ress\u00e9, il n\u2019a jamais \u00e9t\u00e9 d\u00e9sign\u00e9 comme correcteur d\u00e9plac\u00e9 ou local en cinq ans de service, en tant que pr\u00e9sident de centre secondaire. Pire, a regrett\u00e9 le directeur, aucun autre enseignant dudit CEG n\u2019a jamais \u00e9t\u00e9 d\u00e9sign\u00e9. M\u00eame s\u2019il n\u2019est pas le seul dans cette situation, il dit n\u2019avoir pourtant aucun ant\u00e9c\u00e9dent avec sa hi\u00e9rarchie. \u00abJe ne suis pas du genre \u00e0 aller n\u00e9gocier ma s\u00e9lection, parce que nous sommes dans une administration publique\u00bb, a-t-il fait savoir \u00e0 Kantigui. Au-del\u00e0 des aspects financiers, a-t-il poursuivi, il regrette de ne pas pouvoir acqu\u00e9rir de l\u2019exp\u00e9rience professionnelle dans l\u2019organisation des examens. Et d\u2019ajouter que sa non-s\u00e9lection se ressent bien plus comme un manque de reconnaissance des efforts fournis. \u00abCertains n\u2019ont jamais \u00e9t\u00e9 choisis alors que d\u2019autres le sont chaque ann\u00e9e. S\u2019il s\u2019agit du nombre \u00e9lev\u00e9 de personnes, on devait s\u00e9lectionner de fa\u00e7on altern\u00e9e pour permettre \u00e0 chacun d\u2019avoir la chance au moins une fois tous les deux ans\u00bb, a-t-il sugg\u00e9r\u00e9. Kantigui appelle les responsables r\u00e9gionaux du Centre-Nord en charge de l\u2019organisation des examens et concours \u00e0 avoir en permanence \u00e0 l\u2019esprit le souci d\u2019\u00e9quit\u00e9 et de justice dans le choix des examinateurs.<\/p>\n<p><strong>Quid de l\u2019arr\u00eat\u00e9 fixant les prix des parkings ?<\/strong><br \/>Kantigui se rappelle qu\u2019en 2015, la Transition avait pris un arr\u00eat\u00e9 fixant le prix du parking dans la commune de Ouagadougou et d\u2019autres grandes villes. A titre d\u2019exemple, les prix de parking dans les \u00e9tablissements scolaires, les formations sanitaires et les pharmacies \u00e9taient fix\u00e9s \u00e0 25 F CFA pour les v\u00e9los et 50 F CFA pour les motos.<br \/>Mais, c\u2019est avec regret que Kantigui constate que les promoteurs de parking ont instaur\u00e9 le montant de 100 F CFA dans les \u00e9tablissements cit\u00e9s. Kantigui a m\u00eame appris qu\u2019une association \u0153uvrant dans la lutte contre l\u2019incivisme avait adress\u00e9 une correspondance au maire de la commune de Ouagadougou pour l\u2019interpeller. \u00abA la\u00a0suite de notre correspondance, la mairie nous a renvoy\u00e9s vers les services techniques municipaux et ces derniers nous ont demand\u00e9 de recenser les parkings qui pratiquent ces prix pour qu\u2019ils puissent dire \u00e0 la police municipale d\u2019agir. Chose que nous avons faite et au final, ils disent qu\u2019ils ne sont pas comp\u00e9tents pour le faire\u00bb, a confi\u00e9 la source de Kantigui.<br \/>C\u2019est donc le lieu d\u2019attirer l\u2019attention des autorit\u00e9s communales afin qu\u2019elles fassent respecter les textes, notamment l\u2019arr\u00eat\u00e9 fixant les prix des parkings au moins devant les \u00e9tablissements scolaires, les centres de sant\u00e9 et les pharmacies.<\/p>\n<p class=\"c1\"><strong>Kantigui<\/strong><br \/><strong>kantigui2000@gmail.com<\/strong><br \/><strong>(00226) 25 31 22 89<\/strong><\/p>\n<div class=\"td-a-rec td-a-rec-id-content_bottom td_uid_31_5cf6e64e4f4cd_rand td_block_template_1\"><img loading=\"lazy\" decoding=\"async\" class=\"alignright size-full wp-image-1724\" src=\"https:\/\/www.sidwaya.info\/wp-content\/uploads\/2018\/12\/sidwaya-pub.jpg\" alt=\"\" width=\"720\" height=\"90\"\/><\/div>\n<p>Auteur: DD. Sidwaya<br \/>\n<a href=\"https:\/\/www.sidwaya.info\/blog\/2019\/06\/04\/un-jeune-couple-brule-vif\/\">Cliquez ici pour lire l&rsquo;article depuis sa source.<\/a><\/p>\n","protected":false},"excerpt":{"rendered":"<p>Un jeune couple br\u00fbl\u00e9 vifDans la matin\u00e9e du mercredi 29 mai 2019, Kantigui a \u00e9t\u00e9 r\u00e9veill\u00e9 par un appel l\u2019informant qu\u2019un jeune couple a \u00e9t\u00e9 br\u00fbl\u00e9 vif, dans la nuit du 27 au 28 mai \u00e0 Sanko\u00e9 dans la commune rurale de Y\u00e9, province du Nayala. En effet, selon les t\u00e9moignages, un jeune homme aurait [&hellip;]<\/p>\n","protected":false},"author":1816,"featured_media":0,"comment_status":"closed","ping_status":"closed","sticky":false,"template":"","format":"standard","meta":{"fifu_image_url":"","fifu_image_alt":"","footnotes":""},"categories":[73,81],"tags":[],"class_list":["post-38735","post","type-post","status-publish","format-standard","hentry","category-actualite","category-burkina-faso"],"_links":{"self":[{"href":"https:\/\/linitiative.ca\/International\/wp-json\/wp\/v2\/posts\/38735","targetHints":{"allow":["GET"]}}],"collection":[{"href":"https:\/\/linitiative.ca\/International\/wp-json\/wp\/v2\/posts"}],"about":[{"href":"https:\/\/linitiative.ca\/International\/wp-json\/wp\/v2\/types\/post"}],"author":[{"embeddable":true,"href":"https:\/\/linitiative.ca\/International\/wp-json\/wp\/v2\/users\/1816"}],"replies":[{"embeddable":true,"href":"https:\/\/linitiative.ca\/International\/wp-json\/wp\/v2\/comments?post=38735"}],"version-history":[{"count":0,"href":"https:\/\/linitiative.ca\/International\/wp-json\/wp\/v2\/posts\/38735\/revisions"}],"wp:attachment":[{"href":"https:\/\/linitiative.ca\/International\/wp-json\/wp\/v2\/media?parent=38735"}],"wp:term":[{"taxonomy":"category","embeddable":true,"href":"https:\/\/linitiative.ca\/International\/wp-json\/wp\/v2\/categories?post=38735"},{"taxonomy":"post_tag","embeddable":true,"href":"https:\/\/linitiative.ca\/International\/wp-json\/wp\/v2\/tags?post=38735"}],"curies":[{"name":"wp","href":"https:\/\/api.w.org\/{rel}","templated":true}]}}