{"id":38737,"date":"2019-06-04T13:37:38","date_gmt":"2019-06-04T17:37:38","guid":{"rendered":"https:\/\/linitiative.ca\/International\/cameroun-education-de-base-linspecteur-de-ndom-releve-de-ses-fonctions\/"},"modified":"2019-06-04T13:37:38","modified_gmt":"2019-06-04T17:37:38","slug":"cameroun-education-de-base-linspecteur-de-ndom-releve-de-ses-fonctions","status":"publish","type":"post","link":"https:\/\/linitiative.ca\/International\/cameroun-education-de-base-linspecteur-de-ndom-releve-de-ses-fonctions\/","title":{"rendered":"Cameroun-Education de base: l\u2019inspecteur de Ndom relev\u00e9 de ses fonctions"},"content":{"rendered":"<div readability=\"32\">\n<p>Publi\u00e9 le 04.06.2019 \u00e0 18h37 par Journalducameroun.com<\/p>\n<\/div>\n<div readability=\"41\">\n<h2><strong>C\u2019est la teneur d\u2019un arr\u00eat\u00e9 du ministre de l\u2019Education de base rendu public ce 04 juin 2019.<\/strong><\/h2>\n<p>Jean Joseph Essissima Foe, l\u2019inspecteur d\u2019arrondissement de l\u2019\u00e9ducation de base de Ndom dans le d\u00e9partement de la Sanaga-Maritime a \u00e9t\u00e9 relev\u00e9 de ses fonctions. L\u2019arr\u00eat\u00e9 du ministre de l\u2019Education de base (Minedub) du 04 juin, indique que concern\u00e9 s\u2019est rendu coupable de \u00abDistraction de frais de compostage de fiche d\u2019inscription des candidats aux examens du Cep\u00bb.<\/p>\n<p>Un autre arr\u00eat\u00e9 du ministre Laurent Serge Etoundi Ngoa nomme M. Martin Ngo, inspecteur d\u2019arrondissement de l\u2019\u00e9ducation de base par int\u00e9rim dans ce service d\u00e9concentr\u00e9.<\/p>\n<\/div>\n<p>Auteur: nadine laure guepi kenfack<br \/>\n<a href=\"https:\/\/www.journalducameroun.com\/cameroun-education-de-base-linspecteur-de-ndom-releve-de-ses-fonctions\/\">Cliquez ici pour lire l&rsquo;article depuis sa source.<\/a><\/p>\n","protected":false},"excerpt":{"rendered":"<p>Publi\u00e9 le 04.06.2019 \u00e0 18h37 par Journalducameroun.com C\u2019est la teneur d\u2019un arr\u00eat\u00e9 du ministre de l\u2019Education de base rendu public ce 04 juin 2019. Jean Joseph Essissima Foe, l\u2019inspecteur d\u2019arrondissement de l\u2019\u00e9ducation de base de Ndom dans le d\u00e9partement de la Sanaga-Maritime a \u00e9t\u00e9 relev\u00e9 de ses fonctions. L\u2019arr\u00eat\u00e9 du ministre de l\u2019Education de base [&hellip;]<\/p>\n","protected":false},"author":1965,"featured_media":0,"comment_status":"closed","ping_status":"closed","sticky":false,"template":"","format":"standard","meta":{"fifu_image_url":"","fifu_image_alt":"","footnotes":""},"categories":[73,82],"tags":[],"class_list":["post-38737","post","type-post","status-publish","format-standard","hentry","category-actualite","category-cameroun"],"_links":{"self":[{"href":"https:\/\/linitiative.ca\/International\/wp-json\/wp\/v2\/posts\/38737","targetHints":{"allow":["GET"]}}],"collection":[{"href":"https:\/\/linitiative.ca\/International\/wp-json\/wp\/v2\/posts"}],"about":[{"href":"https:\/\/linitiative.ca\/International\/wp-json\/wp\/v2\/types\/post"}],"author":[{"embeddable":true,"href":"https:\/\/linitiative.ca\/International\/wp-json\/wp\/v2\/users\/1965"}],"replies":[{"embeddable":true,"href":"https:\/\/linitiative.ca\/International\/wp-json\/wp\/v2\/comments?post=38737"}],"version-history":[{"count":0,"href":"https:\/\/linitiative.ca\/International\/wp-json\/wp\/v2\/posts\/38737\/revisions"}],"wp:attachment":[{"href":"https:\/\/linitiative.ca\/International\/wp-json\/wp\/v2\/media?parent=38737"}],"wp:term":[{"taxonomy":"category","embeddable":true,"href":"https:\/\/linitiative.ca\/International\/wp-json\/wp\/v2\/categories?post=38737"},{"taxonomy":"post_tag","embeddable":true,"href":"https:\/\/linitiative.ca\/International\/wp-json\/wp\/v2\/tags?post=38737"}],"curies":[{"name":"wp","href":"https:\/\/api.w.org\/{rel}","templated":true}]}}