{"id":38738,"date":"2019-06-04T13:50:01","date_gmt":"2019-06-04T17:50:01","guid":{"rendered":"https:\/\/linitiative.ca\/International\/au-soudan-escalade-de-la-violence-et-risque-de-chaos-generalise\/"},"modified":"2019-06-04T13:50:01","modified_gmt":"2019-06-04T17:50:01","slug":"au-soudan-escalade-de-la-violence-et-risque-de-chaos-generalise","status":"publish","type":"post","link":"https:\/\/linitiative.ca\/International\/au-soudan-escalade-de-la-violence-et-risque-de-chaos-generalise\/","title":{"rendered":"Au Soudan, escalade de la violence et risque de chaos g\u00e9n\u00e9ralis\u00e9"},"content":{"rendered":"<p>La brusque escalade de la violence au Soudan, avec la dispersion sanglante du sit-in de la contestation lundi \u00e0 Khartoum, fait planer le risque d\u2019un chaos g\u00e9n\u00e9ralis\u00e9 dans ce pays, malgr\u00e9 la promesse des militaires au pouvoir de tenir des \u00e9lections d\u2019ici neuf mois.<\/p>\n<p>Au moins 35 personnes ont \u00e9t\u00e9 tu\u00e9es lors de la dispersion du rassemblement tenu depuis le 6 avril devant le si\u00e8ge de l\u2019arm\u00e9e, un tournant dans le bras de fer entre les manifestants et les g\u00e9n\u00e9raux \u00e0 la t\u00eate du pouvoir de transition, apr\u00e8s plus de cinq mois de contestation.<\/p>\n<p>Pourquoi cette escalade?<\/p>\n<p>Depuis la dispersion du sit-in et les violences contre les manifestants, la rupture entre les parties semble avoir atteint un point de non-retour: le g\u00e9n\u00e9ral Abdel Fattah al-Burhane, \u00e0 la t\u00eate du Conseil militaire, a reni\u00e9 tous les accords pass\u00e9s lors des pourparlers, qui \u00e9taient \u00e0 l\u2019arr\u00eat depuis le 20 mai. En retour, la contestation a cat\u00e9goriquement rejet\u00e9 le principe d\u2019\u00e9lections dans neuf mois, qualifiant le Conseil de \u00ab\u00a0putschiste\u00a0\u00bb.<\/p>\n<p>Professeur de Sciences politiques \u00e0 l\u2019Universit\u00e9 Neelain de Khartoum, Hassan al-Saouri estime que l\u2019Alliance pour la libert\u00e9 et le changement (ALC), qui regroupe les principales composantes du mouvement, \u00ab\u00a0a adopt\u00e9 une position dure dans les n\u00e9gociations\u00a0\u00bb.<\/p>\n<p>Selon lui, la gr\u00e8ve g\u00e9n\u00e9rale organis\u00e9e la semaine derni\u00e8re \u00ab\u00a0a eu du succ\u00e8s et \u00e9tait sur le point de paralyser totalement la capitale\u00a0\u00bb. Les militaires ont cherch\u00e9 \u00e0 reprendre la main en mettant un terme \u00e0 un sit-in embl\u00e9matique.<\/p>\n<p>D\u00e9sormais, les deux parties semblent d\u2019autant plus irr\u00e9conciliables qu\u2019il n\u2019y avait d\u00e9j\u00e0 \u00ab\u00a0aucune vision commune pour diriger le pays\u00a0\u00bb, juge M. Saouri.<\/p>\n<p>\u2013 A quoi peut-on s\u2019attendre?<\/p>\n<p>Les prochaines semaines pourraient mener \u00e0 une spirale de la violence et au chaos, chaque partie campant sur ses positions.<\/p>\n<p>Selon une note du cabinet d\u2019analyse am\u00e9ricain Soufan Group publi\u00e9e mardi, il existe une similitude entre la situation soudanaise et \u00ab\u00a0les manifestations du Printemps arabe qui se sont transform\u00e9es en insurrections\u00a0\u00bb globales, l\u2019exemple le plus dramatique \u00e9tant la Syrie.<\/p>\n<p>\u00ab\u00a0Il y a un vrai risque que la situation d\u00e9g\u00e9n\u00e8re en une guerre civile\u00a0\u00bb, ajoute le Soufan Group.<\/p>\n<p>Le risque de troubles graves dans les prochaines semaines est confirm\u00e9 par M. Saouri, pour qui \u00ab\u00a0le pays se dirige vers toutes sortes de chaos, politique, militaire ou soci\u00e9tal\u00a0\u00bb.<\/p>\n<p>Dans ce contexte, alors que l\u2019arm\u00e9e n\u2019est pas n\u00e9cessairement unifi\u00e9e, de jeunes officiers pourraient faire d\u00e9fection et \u00ab\u00a0rejoindre les rangs de la r\u00e9volution\u00a0\u00bb, tandis que d\u2019autres continueraient \u00e0 \u00ab\u00a0soutenir le Conseil militaire\u00a0\u00bb, dit-il.<\/p>\n<p>Des experts s\u2019interrogent en outre sur le r\u00f4le des Forces de soutien rapides (RSF), dirig\u00e9es par le chef adjoint du Conseil militaire, Mohamad Hamdan Daglo dit \u00ab\u00a0Hemeidti\u00a0\u00bb. Les RSF sont accus\u00e9es par les manifestants d\u2019\u00eatre les principaux auteurs du \u00ab\u00a0massacre\u00a0\u00bb lundi. Issues de redoutables milices du Darfour (ouest), r\u00e9gion o\u00f9 s\u00e9vit un conflit depuis 2003, elles ont fait l\u2019objet par le pass\u00e9 d\u2019accusations de graves exactions par des organisations de d\u00e9fense des droits humains. Leur pr\u00e9sence s\u2019est accrue ces derniers mois \u00e0 Khartoum.<\/p>\n<p>\u2013 Des \u00e9lections seraient-elles cr\u00e9dibles?<\/p>\n<p>Dans une soci\u00e9t\u00e9 aux mains de militaires depuis des d\u00e9cennies, l\u2019organisation d\u2019\u00e9lections pluralistes, libres et justes semble vou\u00e9e \u00e0 l\u2019\u00e9chec.<\/p>\n<p>\u00ab\u00a0Il est improbable que les \u00e9lections soient justes en raison de l\u2019appel \u00e0 boycotter (d\u2019un c\u00f4t\u00e9) et de la position de l\u2019arm\u00e9e\u00a0\u00bb de l\u2019autre, affirme Mathieu Guid\u00e8re, professeur \u00e0 l\u2019Universit\u00e9 de Paris-VIII et sp\u00e9cialiste du monde arabe.<\/p>\n<p>Pour Andreas Krieg, qui enseigne au King\u2019s College de Londres, les \u00e9lections ne pourront pas \u00eatre libres car \u00ab\u00a0la soci\u00e9t\u00e9 civile au Soudan est incapable de se d\u00e9velopper sous la pression actuelle des militaires\u00a0\u00bb.<\/p>\n<p>Selon lui, les \u00e9lections promises sous neuf mois \u00ab\u00a0n\u2019offriront pas de choix repr\u00e9sentatifs et pluralistes\u00a0\u00bb.<\/p>\n<p>\u2013 Quels soutiens pour les militaires?<\/p>\n<p>Lundi, les capitales occidentales et l\u2019ONU ont condamn\u00e9 la r\u00e9pression.<\/p>\n<p>Mais, quelques jours avant la dispersion du sit-in, le g\u00e9n\u00e9ral Burhane s\u2019est rendu au Caire, \u00e0 Ryad et \u00e0 Abu Dhabi. Il y a rencontr\u00e9 les dirigeants de ces trois pays, fonci\u00e8rement hostiles aux soul\u00e8vements populaires dans la r\u00e9gion.<\/p>\n<p>\u00ab\u00a0Lors de sa visite dans le Golfe, la situation en Libye et au Y\u00e9men a \u00e9t\u00e9 rappel\u00e9e au g\u00e9n\u00e9ral\u00a0\u00bb, avec l\u2019id\u00e9e qu\u2019elle \u00e9tait le \u00ab\u00a0r\u00e9sultat du manque de d\u00e9termination des dirigeants\u00a0\u00bb, dit M. Guid\u00e8re, avant d\u2019ajouter: \u00ab\u00a0on lui a rappel\u00e9 ses devoirs: prot\u00e9ger l\u2019Etat, maintenir la stabilit\u00e9, \u00e9viter la guerre civile par tous les moyens\u00a0\u00bb.<\/p>\n<p>Selon M. Guid\u00e8re, le pr\u00e9sident \u00e9gyptien Abdel Fattah al-Sissi, ancien militaire qui a pris le pouvoir en Egypte en 2013 apr\u00e8s une p\u00e9riode de troubles et au prix d\u2019une r\u00e9pression implacable, a \u00e9t\u00e9 pr\u00e9sent\u00e9 comme un mod\u00e8le.<\/p>\n<p>Le pouvoir militaire de Khartoum b\u00e9n\u00e9ficie plus largement du soutien des dirigeants des principaux pays de la r\u00e9gion qui souhaitent \u00ab\u00a0maintenir le statu quo autoritaire et tentent syst\u00e9matiquement d\u2019appuyer les anciens r\u00e9gimes et leurs arm\u00e9es\u00a0\u00bb, d\u00e9clare Karim Bitar, de l\u2019Institut des relations internationales et strat\u00e9giques (Iris).<\/p>\n<p>Auteur: AFP<br \/>\n<a href=\"https:\/\/www.journalducameroun.com\/au-soudan-escalade-de-la-violence-et-risque-de-chaos-generalise\/\">Cliquez ici pour lire l&rsquo;article depuis sa source.<\/a><\/p>\n","protected":false},"excerpt":{"rendered":"<p>La brusque escalade de la violence au Soudan, avec la dispersion sanglante du sit-in de la contestation lundi \u00e0 Khartoum, fait planer le risque d\u2019un chaos g\u00e9n\u00e9ralis\u00e9 dans ce pays, malgr\u00e9 la promesse des militaires au pouvoir de tenir des \u00e9lections d\u2019ici neuf mois. Au moins 35 personnes ont \u00e9t\u00e9 tu\u00e9es lors de la dispersion [&hellip;]<\/p>\n","protected":false},"author":1965,"featured_media":0,"comment_status":"closed","ping_status":"closed","sticky":false,"template":"","format":"standard","meta":{"fifu_image_url":"","fifu_image_alt":"","footnotes":""},"categories":[73,82],"tags":[],"class_list":["post-38738","post","type-post","status-publish","format-standard","hentry","category-actualite","category-cameroun"],"_links":{"self":[{"href":"https:\/\/linitiative.ca\/International\/wp-json\/wp\/v2\/posts\/38738","targetHints":{"allow":["GET"]}}],"collection":[{"href":"https:\/\/linitiative.ca\/International\/wp-json\/wp\/v2\/posts"}],"about":[{"href":"https:\/\/linitiative.ca\/International\/wp-json\/wp\/v2\/types\/post"}],"author":[{"embeddable":true,"href":"https:\/\/linitiative.ca\/International\/wp-json\/wp\/v2\/users\/1965"}],"replies":[{"embeddable":true,"href":"https:\/\/linitiative.ca\/International\/wp-json\/wp\/v2\/comments?post=38738"}],"version-history":[{"count":0,"href":"https:\/\/linitiative.ca\/International\/wp-json\/wp\/v2\/posts\/38738\/revisions"}],"wp:attachment":[{"href":"https:\/\/linitiative.ca\/International\/wp-json\/wp\/v2\/media?parent=38738"}],"wp:term":[{"taxonomy":"category","embeddable":true,"href":"https:\/\/linitiative.ca\/International\/wp-json\/wp\/v2\/categories?post=38738"},{"taxonomy":"post_tag","embeddable":true,"href":"https:\/\/linitiative.ca\/International\/wp-json\/wp\/v2\/tags?post=38738"}],"curies":[{"name":"wp","href":"https:\/\/api.w.org\/{rel}","templated":true}]}}