{"id":38740,"date":"2019-06-04T13:50:04","date_gmt":"2019-06-04T17:50:04","guid":{"rendered":"https:\/\/linitiative.ca\/International\/region-du-lac-tchad-idriss-deby-denonce-de-fortes-complicites-locales-avec-boko-haram\/"},"modified":"2019-06-04T13:50:04","modified_gmt":"2019-06-04T17:50:04","slug":"region-du-lac-tchad-idriss-deby-denonce-de-fortes-complicites-locales-avec-boko-haram","status":"publish","type":"post","link":"https:\/\/linitiative.ca\/International\/region-du-lac-tchad-idriss-deby-denonce-de-fortes-complicites-locales-avec-boko-haram\/","title":{"rendered":"R\u00e9gion du lac Tchad: Idriss D\u00e9by d\u00e9nonce \u00ab\u00a0de fortes complicit\u00e9s locales\u00a0\u00bb avec Boko Haram"},"content":{"rendered":"<div readability=\"32\">\n<p>Publi\u00e9 le 04.06.2019 \u00e0 18h50 par AFP<\/p>\n<\/div>\n<div readability=\"83\">\n<p>Le pr\u00e9sident tchadien Idriss D\u00e9by a d\u00e9nonc\u00e9 mardi \u00ab\u00a0de fortes complicit\u00e9s locales\u00a0\u00bb avec le groupe jihadiste nig\u00e9rian Boko Haram dans la r\u00e9gion du lac Tchad, appelant \u00e0 d\u00e9noncer \u00ab\u00a0tous ceux qui servent de relais aux terroristes\u00a0\u00bb.<\/p>\n<p>\u00ab\u00a0Si les terroristes peuvent p\u00e9n\u00e9trer dans les lignes int\u00e9rieures de nos forces de d\u00e9fense et poser des mines, c\u2019est qu\u2019ils b\u00e9n\u00e9ficient assur\u00e9ment de fortes complicit\u00e9s locales. C\u2019est pourquoi j\u2019en appelle \u00e0 la prise de conscience patriotique des populations. Il faut d\u00e9noncer et dissuader, en toute responsabilit\u00e9, tous ceux qui servent de relais aux terroristes\u00a0\u00bb, a d\u00e9clar\u00e9 le pr\u00e9sident tchadien devant des leaders religieux \u00e0 la grande mosqu\u00e9e de N\u2019Djamena.<\/p>\n<p>\u00ab\u00a0La multiplication des attaques terroristes dans la r\u00e9gion du Lac Tchad doit nous pr\u00e9occuper \u00e0 plus d\u2019un titre car elle met en p\u00e9ril la qui\u00e9tude et la s\u00e9curit\u00e9, acquises au prix d\u2019immenses sacrifices\u00a0\u00bb, a-t-il dit.<\/p>\n<p>\u00ab\u00a0Nous assistons pr\u00e9sentement \u00e0 une nouvelle forme d\u2019attaque terroriste comme le prouve l\u2019explosion d\u2019une mine qui a r\u00e9cemment caus\u00e9 la mort de 4 soldats et d\u2019un cam\u00e9raman de la t\u00e9l\u00e9vision nationale\u00a0\u00bb, a ajout\u00e9 M. D\u00e9by.<\/p>\n<p>Quatre militaires tchadiens et un journaliste de la t\u00e9l\u00e9vision nationale ont \u00e9t\u00e9 tu\u00e9s samedi dans l\u2019explosion de leur v\u00e9hicule sur une mine dans l\u2019ouest du Tchad, alors qu\u2019ils se rendaient sur une position de l\u2019arm\u00e9e attaqu\u00e9e par Boko Haram, selon des sources s\u00e9curitaires.<\/p>\n<p>La r\u00e9gion du lac Tchad est le th\u00e9\u00e2tre d\u2019un regain d\u2019attaques du groupe jihadiste nig\u00e9rian depuis juin 2018: au moins huit attaques de Boko Haram ont eu lieu en territoire tchadien.<\/p>\n<p>Fin mars, 23 soldats tchadiens avaient \u00e9t\u00e9 tu\u00e9s dans l\u2019attaque d\u2019une base avanc\u00e9e sur la rive nord-est du lac.<\/p>\n<p>L\u2019insurrection de Boko Haram, qui a d\u00e9but\u00e9 en 2009 dans le nord-est du Nigeria, a fait plus de 27.000 morts et 1,8 million de d\u00e9plac\u00e9s dans ce pays, et a gagn\u00e9 le Niger, le Tchad et le Cameroun voisins.<\/p>\n<p>Depuis 2015, les pays de la r\u00e9gion luttent contre Boko Haram au sein de la Force multinationale mixte (FMM), une coalition r\u00e9gionale engag\u00e9e dans la r\u00e9gion du lac Tchad avec l\u2019aide de comit\u00e9s de vigilance compos\u00e9s de citoyens locaux.<\/p>\n<\/div>\n<p>Auteur: AFP<br \/>\n<a href=\"https:\/\/www.journalducameroun.com\/region-du-lac-tchad-idriss-deby-denonce-de-fortes-complicites-locales-avec-boko-haram\/\">Cliquez ici pour lire l&rsquo;article depuis sa source.<\/a><\/p>\n","protected":false},"excerpt":{"rendered":"<p>Publi\u00e9 le 04.06.2019 \u00e0 18h50 par AFP Le pr\u00e9sident tchadien Idriss D\u00e9by a d\u00e9nonc\u00e9 mardi \u00ab\u00a0de fortes complicit\u00e9s locales\u00a0\u00bb avec le groupe jihadiste nig\u00e9rian Boko Haram dans la r\u00e9gion du lac Tchad, appelant \u00e0 d\u00e9noncer \u00ab\u00a0tous ceux qui servent de relais aux terroristes\u00a0\u00bb. \u00ab\u00a0Si les terroristes peuvent p\u00e9n\u00e9trer dans les lignes int\u00e9rieures de nos forces [&hellip;]<\/p>\n","protected":false},"author":1965,"featured_media":0,"comment_status":"closed","ping_status":"closed","sticky":false,"template":"","format":"standard","meta":{"fifu_image_url":"","fifu_image_alt":"","footnotes":""},"categories":[73,82],"tags":[],"class_list":["post-38740","post","type-post","status-publish","format-standard","hentry","category-actualite","category-cameroun"],"_links":{"self":[{"href":"https:\/\/linitiative.ca\/International\/wp-json\/wp\/v2\/posts\/38740","targetHints":{"allow":["GET"]}}],"collection":[{"href":"https:\/\/linitiative.ca\/International\/wp-json\/wp\/v2\/posts"}],"about":[{"href":"https:\/\/linitiative.ca\/International\/wp-json\/wp\/v2\/types\/post"}],"author":[{"embeddable":true,"href":"https:\/\/linitiative.ca\/International\/wp-json\/wp\/v2\/users\/1965"}],"replies":[{"embeddable":true,"href":"https:\/\/linitiative.ca\/International\/wp-json\/wp\/v2\/comments?post=38740"}],"version-history":[{"count":0,"href":"https:\/\/linitiative.ca\/International\/wp-json\/wp\/v2\/posts\/38740\/revisions"}],"wp:attachment":[{"href":"https:\/\/linitiative.ca\/International\/wp-json\/wp\/v2\/media?parent=38740"}],"wp:term":[{"taxonomy":"category","embeddable":true,"href":"https:\/\/linitiative.ca\/International\/wp-json\/wp\/v2\/categories?post=38740"},{"taxonomy":"post_tag","embeddable":true,"href":"https:\/\/linitiative.ca\/International\/wp-json\/wp\/v2\/tags?post=38740"}],"curies":[{"name":"wp","href":"https:\/\/api.w.org\/{rel}","templated":true}]}}