{"id":38741,"date":"2019-06-04T14:50:01","date_gmt":"2019-06-04T18:50:01","guid":{"rendered":"https:\/\/linitiative.ca\/International\/pour-liran-la-presidence-de-trump-signale-le-declin-politique-des-etats-unis\/"},"modified":"2019-06-04T14:50:01","modified_gmt":"2019-06-04T18:50:01","slug":"pour-liran-la-presidence-de-trump-signale-le-declin-politique-des-etats-unis","status":"publish","type":"post","link":"https:\/\/linitiative.ca\/International\/pour-liran-la-presidence-de-trump-signale-le-declin-politique-des-etats-unis\/","title":{"rendered":"Pour l\u2019Iran, la pr\u00e9sidence de Trump signale le \u00ab\u00a0d\u00e9clin politique\u00a0\u00bb des Etats-Unis"},"content":{"rendered":"<div readability=\"32\">\n<p>Publi\u00e9 le 04.06.2019 \u00e0 19h50 par AFP<\/p>\n<\/div>\n<div readability=\"87\">\n<p>Le guide supr\u00eame iranien, l\u2019ayatollah Ali Khamenei, a affirm\u00e9 mardi que la pr\u00e9sidence de Donald Trump \u00e9tait le signe du \u00ab\u00a0d\u00e9clin politique\u00a0\u00bb des Etats-Unis, dans un discours \u00e0 l\u2019occasion du 30e anniversaire de la mort du fondateur de la R\u00e9publique islamique.<\/p>\n<p>\u00ab\u00a0Le destin de plus de 300 millions d\u2019\u00eatres humains est entre les mains d\u2019une personne avec de telles particularit\u00e9s, c\u2019est un signe du d\u00e9clin politique de l\u2019Am\u00e9rique\u00a0\u00bb, a-t-il d\u00e9clar\u00e9 dans un discours retransmis \u00e0 la t\u00e9l\u00e9vision d\u2019Etat.<\/p>\n<p>L\u2019Iran comm\u00e9more depuis lundi le 30e anniversaire de la mort de l\u2019ayatollah Rouhollah Khomeiny qui a fond\u00e9 la R\u00e9publique islamique en 1979.<\/p>\n<p>\u00ab\u00a0En Am\u00e9rique m\u00eame, il y a tellement de discussions sur sa stabilit\u00e9 mentale et morale\u00a0\u00bb, a-t-il ajout\u00e9 depuis le mausol\u00e9e d\u00e9di\u00e9 \u00e0 l\u2019ayatollah Khomeiny dans le sud de T\u00e9h\u00e9ran.<\/p>\n<p>\u00ab\u00a0Quand une telle personne est pr\u00e9sident d\u2019un pays, cela montre le d\u00e9clin politique et moral de ce pays\u00a0\u00bb, a d\u00e9clar\u00e9 le guide supr\u00eame iranien.<\/p>\n<p>Les dirigeants des deux pays se sont lanc\u00e9s \u00e0 plusieurs reprises piques et insultes depuis l\u2019\u00e9lection de Donald Trump en 2016.<\/p>\n<p>En mai 2018, l\u2019administration Trump a concr\u00e9tis\u00e9 l\u2019une de ses promesses de campagne en se retirant unilat\u00e9ralement de l\u2019accord international conclu en 2015 visant \u00e0 emp\u00eacher T\u00e9h\u00e9ran de se doter de l\u2019arme nucl\u00e9aire. Depuis, Washington a r\u00e9impos\u00e9 de dures sanctions \u00e9conomiques contre l\u2019Iran.<\/p>\n<p>Les tensions sont mont\u00e9es d\u2019un cran le 8 avril quand les Etats-Unis ont plac\u00e9 les Gardiens de la R\u00e9volution, l\u2019arm\u00e9e id\u00e9ologique iranienne, sur leur liste noire des \u00ab\u00a0organisations terroristes \u00e9trang\u00e8res\u00a0\u00bb.<\/p>\n<p>T\u00e9h\u00e9ran a en retour d\u00e9clar\u00e9 consid\u00e9rer \u00ab\u00a0le r\u00e9gime des Etats-Unis comme un Etat parrain du terrorisme\u00a0\u00bb et les forces am\u00e9ricaines d\u00e9ploy\u00e9es au Moyen-Orient, dans la Corne de l\u2019Afrique et en Asie centrale, comme des \u00ab\u00a0groupes terroristes\u00a0\u00bb.<\/p>\n<p>L\u2019envoi d\u2019un porte-avions am\u00e9ricain et de bombardiers B-52 dans le Golfe ainsi que l\u2019annonce du d\u00e9ploiement de 1.500 soldats am\u00e9ricains suppl\u00e9mentaires au Moyen-Orient en mai ont fait craindre un embrasement dans la r\u00e9gion.<\/p>\n<p>En r\u00e9ponse, l\u2019Iran a annonc\u00e9 le 8 mai s\u2019affranchir de deux de ses engagements pris au titre de l\u2019accord nucl\u00e9aire et lanc\u00e9 un ultimatum aux pays encore parties \u00e0 cet accord pour sortir de leur isolement les secteurs p\u00e9trolier et financier iraniens.<\/p>\n<\/div>\n<p>Auteur: AFP<br \/>\n<a href=\"https:\/\/www.journalducameroun.com\/pour-liran-la-presidence-de-trump-signale-le-declin-politique-des-etats-unis\/\">Cliquez ici pour lire l&rsquo;article depuis sa source.<\/a><\/p>\n","protected":false},"excerpt":{"rendered":"<p>Publi\u00e9 le 04.06.2019 \u00e0 19h50 par AFP Le guide supr\u00eame iranien, l\u2019ayatollah Ali Khamenei, a affirm\u00e9 mardi que la pr\u00e9sidence de Donald Trump \u00e9tait le signe du \u00ab\u00a0d\u00e9clin politique\u00a0\u00bb des Etats-Unis, dans un discours \u00e0 l\u2019occasion du 30e anniversaire de la mort du fondateur de la R\u00e9publique islamique. \u00ab\u00a0Le destin de plus de 300 millions [&hellip;]<\/p>\n","protected":false},"author":1965,"featured_media":0,"comment_status":"closed","ping_status":"closed","sticky":false,"template":"","format":"standard","meta":{"fifu_image_url":"","fifu_image_alt":"","footnotes":""},"categories":[73,82],"tags":[],"class_list":["post-38741","post","type-post","status-publish","format-standard","hentry","category-actualite","category-cameroun"],"_links":{"self":[{"href":"https:\/\/linitiative.ca\/International\/wp-json\/wp\/v2\/posts\/38741","targetHints":{"allow":["GET"]}}],"collection":[{"href":"https:\/\/linitiative.ca\/International\/wp-json\/wp\/v2\/posts"}],"about":[{"href":"https:\/\/linitiative.ca\/International\/wp-json\/wp\/v2\/types\/post"}],"author":[{"embeddable":true,"href":"https:\/\/linitiative.ca\/International\/wp-json\/wp\/v2\/users\/1965"}],"replies":[{"embeddable":true,"href":"https:\/\/linitiative.ca\/International\/wp-json\/wp\/v2\/comments?post=38741"}],"version-history":[{"count":0,"href":"https:\/\/linitiative.ca\/International\/wp-json\/wp\/v2\/posts\/38741\/revisions"}],"wp:attachment":[{"href":"https:\/\/linitiative.ca\/International\/wp-json\/wp\/v2\/media?parent=38741"}],"wp:term":[{"taxonomy":"category","embeddable":true,"href":"https:\/\/linitiative.ca\/International\/wp-json\/wp\/v2\/categories?post=38741"},{"taxonomy":"post_tag","embeddable":true,"href":"https:\/\/linitiative.ca\/International\/wp-json\/wp\/v2\/tags?post=38741"}],"curies":[{"name":"wp","href":"https:\/\/api.w.org\/{rel}","templated":true}]}}