{"id":38742,"date":"2019-06-04T16:18:03","date_gmt":"2019-06-04T20:18:03","guid":{"rendered":"https:\/\/linitiative.ca\/International\/aid-el-fitr-les-musulmans-prient-pour-la-cohesion-sociale-au-burkina\/"},"modified":"2019-06-04T16:18:03","modified_gmt":"2019-06-04T20:18:03","slug":"aid-el-fitr-les-musulmans-prient-pour-la-cohesion-sociale-au-burkina","status":"publish","type":"post","link":"https:\/\/linitiative.ca\/International\/aid-el-fitr-les-musulmans-prient-pour-la-cohesion-sociale-au-burkina\/","title":{"rendered":"A\u00efd-El-Fitr: les musulmans prient pour la coh\u00e9sion sociale au Burkina"},"content":{"rendered":"<div readability=\"32\">\n<p>Publi\u00e9 le 04.06.2019 \u00e0 21h18 par APA News<\/p>\n<\/div>\n<div readability=\"67\">\n<p>Les fid\u00e8les musulmans du Burkina Faso ont c\u00e9l\u00e9br\u00e9, mardi, la f\u00eate de l\u2019A\u00efd-El-Fitr, au cours de laquelle, ils ont pri\u00e9 pour la coh\u00e9sion sociale.Le vice-pr\u00e9sident de la Communaut\u00e9 musulmane du Burkina Faso (CMBF), El Hadj Hatimi D\u00e9m\u00e9 qui s\u2019exprimait \u00e0 l\u2019issue de la grande pri\u00e8re \u00e0 Ouagadougou, a rappel\u00e9 que le Burkina Faso est \u00e9branl\u00e9 ces derni\u00e8res ann\u00e9es par la recrudescence des attaques terroristes.<\/p>\n<p>Pour lui, les musulmans ont pri\u00e9 pour la coh\u00e9sion sociale qui constitue un facteur de paix et de d\u00e9veloppement du Burkina Faso.<\/p>\n<p>Des terroristes ont attaqu\u00e9 \u00a0en mai dernier dans les r\u00e9gions du Nord et du centre-nord des \u00e9glises de Toulf\u00e9 de Dablo, faisant au moins dix morts.\u00a0<\/p>\n<p>\u00abL\u2019affaire des musulmans doit \u00eatre \u00a0l\u2019affaire des chr\u00e9tiens, l\u2019affaire des chr\u00e9tiens doit \u00eatre aussi l\u2019affaire des \u00a0musulmans, l\u2019affaire des coutumiers doit \u00eatre \u00e9galement des musulmans et tout le monde\u00bb, a fait remarquer le vice-pr\u00e9sident de la CMBF.<\/p>\n<p>El Hadj Hatimi D\u00e9m\u00e9 a, en outre, expliqu\u00e9 que les Burkinab\u00e9 parviendront \u00e0 construire \u00a0une nation forte \u00a0et capable de relever le d\u00e9fi s\u00e9curitaire et du d\u00e9veloppement sur la base de l\u2019union et de la tol\u00e9rance.<\/p>\n<p>De son c\u00f4t\u00e9, le cardinal Philipe Ou\u00e9draogo qui a assist\u00e9 \u00e0 la pri\u00e8re de l\u2019A\u00efd El Fitr 2019, a dit \u00eatre venu partager sa joie avec les musulmans et leur souhaiter bonne f\u00eate de Korit\u00e9.<\/p>\n<\/div>\n<p>Auteur: APA News<br \/>\n<a href=\"https:\/\/www.journalducameroun.com\/aid-el-fitr-les-musulmans-prient-pour-la-cohesion-sociale-au-burkina\/\">Cliquez ici pour lire l&rsquo;article depuis sa source.<\/a><\/p>\n","protected":false},"excerpt":{"rendered":"<p>Publi\u00e9 le 04.06.2019 \u00e0 21h18 par APA News Les fid\u00e8les musulmans du Burkina Faso ont c\u00e9l\u00e9br\u00e9, mardi, la f\u00eate de l\u2019A\u00efd-El-Fitr, au cours de laquelle, ils ont pri\u00e9 pour la coh\u00e9sion sociale.Le vice-pr\u00e9sident de la Communaut\u00e9 musulmane du Burkina Faso (CMBF), El Hadj Hatimi D\u00e9m\u00e9 qui s\u2019exprimait \u00e0 l\u2019issue de la grande pri\u00e8re \u00e0 Ouagadougou, [&hellip;]<\/p>\n","protected":false},"author":1965,"featured_media":0,"comment_status":"closed","ping_status":"closed","sticky":false,"template":"","format":"standard","meta":{"fifu_image_url":"","fifu_image_alt":"","footnotes":""},"categories":[73,82],"tags":[],"class_list":["post-38742","post","type-post","status-publish","format-standard","hentry","category-actualite","category-cameroun"],"_links":{"self":[{"href":"https:\/\/linitiative.ca\/International\/wp-json\/wp\/v2\/posts\/38742","targetHints":{"allow":["GET"]}}],"collection":[{"href":"https:\/\/linitiative.ca\/International\/wp-json\/wp\/v2\/posts"}],"about":[{"href":"https:\/\/linitiative.ca\/International\/wp-json\/wp\/v2\/types\/post"}],"author":[{"embeddable":true,"href":"https:\/\/linitiative.ca\/International\/wp-json\/wp\/v2\/users\/1965"}],"replies":[{"embeddable":true,"href":"https:\/\/linitiative.ca\/International\/wp-json\/wp\/v2\/comments?post=38742"}],"version-history":[{"count":0,"href":"https:\/\/linitiative.ca\/International\/wp-json\/wp\/v2\/posts\/38742\/revisions"}],"wp:attachment":[{"href":"https:\/\/linitiative.ca\/International\/wp-json\/wp\/v2\/media?parent=38742"}],"wp:term":[{"taxonomy":"category","embeddable":true,"href":"https:\/\/linitiative.ca\/International\/wp-json\/wp\/v2\/categories?post=38742"},{"taxonomy":"post_tag","embeddable":true,"href":"https:\/\/linitiative.ca\/International\/wp-json\/wp\/v2\/tags?post=38742"}],"curies":[{"name":"wp","href":"https:\/\/api.w.org\/{rel}","templated":true}]}}