{"id":38744,"date":"2019-06-04T16:18:13","date_gmt":"2019-06-04T20:18:13","guid":{"rendered":"https:\/\/linitiative.ca\/International\/can-2019-football-le-tas-rejette-les-appels-des-comores-et-enterine-la-qualification-du-cameroun\/"},"modified":"2019-06-04T16:18:13","modified_gmt":"2019-06-04T20:18:13","slug":"can-2019-football-le-tas-rejette-les-appels-des-comores-et-enterine-la-qualification-du-cameroun","status":"publish","type":"post","link":"https:\/\/linitiative.ca\/International\/can-2019-football-le-tas-rejette-les-appels-des-comores-et-enterine-la-qualification-du-cameroun\/","title":{"rendered":"CAN 2019\/ Football : le TAS rejette les appels des Comores et ent\u00e9rine la qualification du Cameroun"},"content":{"rendered":"<div readability=\"32\">\n<p>Publi\u00e9 le 04.06.2019 \u00e0 21h18 par APA News<\/p>\n<\/div>\n<div readability=\"70\">\n<p>Le Tribunal arbitral du sport (TAS) a jug\u00e9 \u00ab irrecevables \u00bb les appels formul\u00e9s par la F\u00e9d\u00e9ration de football des Comores (FFC) contre la Conf\u00e9d\u00e9ration africaine de football (CAF) visant \u00e0 disqualifier les Lions Indomptables du Cameroun pour la Coupe d\u2019Afrique des Nations (CAN) de football en Egypte, rapporte, mardi, un communiqu\u00e9 de l\u2019instance en mati\u00e8re de litiges sportifs.Selon le TAS, les deux appels sont sans \u00ab\u00a0int\u00e9r\u00eat\u00a0\u00bb pour la F\u00e9d\u00e9ration de football des Comores.<\/p>\n<p>\u00a0\u00ab D\u2019apr\u00e8s la r\u00e9glementation de la Conf\u00e9d\u00e9ration africaine de football, le TAS consid\u00e8re que, m\u00eame en cas de disqualification de l\u2019\u00e9quipe nationale du Cameroun, une telle disqualification n\u2019aurait aucune incidence sur le classement des Comores dans leur groupe de qualification pour la CAN 2019 et qu\u2019il leur \u00e9tait ainsi math\u00e9matiquement impossible de se qualifier pour cette comp\u00e9tition\u00a0\u00bb, explique le communiqu\u00e9.<\/p>\n<p>\u00a0Pour le Tribunal arbitral du sport, \u00ab la FFC ne dispose d\u2019aucun int\u00e9r\u00eat l\u00e9gal suffisant \u00e0 demander que la F\u00e9d\u00e9ration camerounaise de football (FECAFOOT) soit suspendue par la CAF \u00bb, ajoute le texte.<\/p>\n<p>\u00a0Adversaires dans le Groupe B des \u00e9liminatoires de la CAN 2019, les Comores avaient formul\u00e9 deux requ\u00eates visant \u00e0 disqualifier le Cameroun qui devrait, initialement, organiser la comp\u00e9tition attribu\u00e9e, in-extr\u00e9mis \u00e0 l\u2019Egypte. La FFC demandait le retrait du Cameroun de la Coupe d\u2019Afrique des nations 2019 et la suspension de la FECAFOOT.<\/p>\n<p>\u00a0Mais la d\u00e9cision du TAS ouvre la voie aux Lions Indomptables pour d\u00e9fendre leur couronne aux pieds des Pyramides.<\/p>\n<p>\u00a0La premi\u00e8re CAN \u00e0 24 \u00e9quipes se d\u00e9roulera en Egypte du 21 juin au 19 juillet 2019 o\u00f9 23 nations iront \u00e0 l\u2019assaut des Lions Indomptables, champions d\u2019Afrique en titre.<\/p>\n<\/div>\n<p>Auteur: APA News<br \/>\n<a href=\"https:\/\/www.journalducameroun.com\/can-2019-football-le-tas-rejette-les-appels-des-comores-et-enterine-la-qualification-du-cameroun\/\">Cliquez ici pour lire l&rsquo;article depuis sa source.<\/a><\/p>\n","protected":false},"excerpt":{"rendered":"<p>Publi\u00e9 le 04.06.2019 \u00e0 21h18 par APA News Le Tribunal arbitral du sport (TAS) a jug\u00e9 \u00ab irrecevables \u00bb les appels formul\u00e9s par la F\u00e9d\u00e9ration de football des Comores (FFC) contre la Conf\u00e9d\u00e9ration africaine de football (CAF) visant \u00e0 disqualifier les Lions Indomptables du Cameroun pour la Coupe d\u2019Afrique des Nations (CAN) de football en [&hellip;]<\/p>\n","protected":false},"author":1965,"featured_media":0,"comment_status":"closed","ping_status":"closed","sticky":false,"template":"","format":"standard","meta":{"fifu_image_url":"","fifu_image_alt":"","footnotes":""},"categories":[73,82],"tags":[],"class_list":["post-38744","post","type-post","status-publish","format-standard","hentry","category-actualite","category-cameroun"],"_links":{"self":[{"href":"https:\/\/linitiative.ca\/International\/wp-json\/wp\/v2\/posts\/38744","targetHints":{"allow":["GET"]}}],"collection":[{"href":"https:\/\/linitiative.ca\/International\/wp-json\/wp\/v2\/posts"}],"about":[{"href":"https:\/\/linitiative.ca\/International\/wp-json\/wp\/v2\/types\/post"}],"author":[{"embeddable":true,"href":"https:\/\/linitiative.ca\/International\/wp-json\/wp\/v2\/users\/1965"}],"replies":[{"embeddable":true,"href":"https:\/\/linitiative.ca\/International\/wp-json\/wp\/v2\/comments?post=38744"}],"version-history":[{"count":0,"href":"https:\/\/linitiative.ca\/International\/wp-json\/wp\/v2\/posts\/38744\/revisions"}],"wp:attachment":[{"href":"https:\/\/linitiative.ca\/International\/wp-json\/wp\/v2\/media?parent=38744"}],"wp:term":[{"taxonomy":"category","embeddable":true,"href":"https:\/\/linitiative.ca\/International\/wp-json\/wp\/v2\/categories?post=38744"},{"taxonomy":"post_tag","embeddable":true,"href":"https:\/\/linitiative.ca\/International\/wp-json\/wp\/v2\/tags?post=38744"}],"curies":[{"name":"wp","href":"https:\/\/api.w.org\/{rel}","templated":true}]}}