{"id":38745,"date":"2019-06-04T16:18:15","date_gmt":"2019-06-04T20:18:15","guid":{"rendered":"https:\/\/linitiative.ca\/International\/la-communaute-musulmane-de-bouake-prie-pour-la-paix-a-beoumi\/"},"modified":"2019-06-04T16:18:15","modified_gmt":"2019-06-04T20:18:15","slug":"la-communaute-musulmane-de-bouake-prie-pour-la-paix-a-beoumi","status":"publish","type":"post","link":"https:\/\/linitiative.ca\/International\/la-communaute-musulmane-de-bouake-prie-pour-la-paix-a-beoumi\/","title":{"rendered":"La communaut\u00e9 musulmane de Bouak\u00e9 prie pour la paix \u00e0 B\u00e9oumi"},"content":{"rendered":"<div readability=\"32\">\n<p>Publi\u00e9 le 04.06.2019 \u00e0 21h18 par APA News<\/p>\n<\/div>\n<div readability=\"102\">\n<p>A l\u2019occasion de l\u2019A\u00efd El-Fitr ou f\u00eate de ramadan marquant la fin du mois de je\u00fbne, la communaut\u00e9 musulmane de Bouak\u00e9, dans le Centre-Nord ivoirien a pri\u00e9, mardi, pour une paix d\u00e9finitive \u00e0 B\u00e9oumi (environ 60 km \u00e0 l\u2019Ouest de Bouak\u00e9), th\u00e9\u00e2tre d\u2019\u00e9v\u00e9nements meurtriers entre allog\u00e8nes et autochtones en mi-mai et dont le dernier bilan officiel fait \u00e9tat de 14 morts, une centaine de bless\u00e9s et d\u2019importants d\u00e9g\u00e2ts mat\u00e9riels.La c\u00e9r\u00e9monie officielle qui s\u2019est d\u00e9roul\u00e9e \u00e0 la grande mosqu\u00e9e de la ville, en pr\u00e9sence du ministre des transports, Amadou Kon\u00e9, qui repr\u00e9sentait pour l\u2019occasion le gouvernement ivoirien, a \u00e9t\u00e9 le lieu pour Badjawari Tour\u00e9, l\u2019imam central de la grande mosqu\u00e9e de Bouak\u00e9, d\u2019amplifier les pri\u00e8res pour une paix d\u00e9finitive et durable \u00e0 B\u00e9oumi, o\u00f9 deux communaut\u00e9s du pays se sont affront\u00e9es \u00a0les 15, 16 et 17 mai dernier, occasionnant des morts et des bless\u00e9s.<\/p>\n<p>\u00ab Depuis le d\u00e9but de la crise \u00e0 B\u00e9oumi la pri\u00e8re pour la paix dans ce d\u00e9partement de la r\u00e9gion de Gb\u00eak\u00ea ne s\u2019est pas arr\u00eat\u00e9e un seul instant dans l\u2019ensemble des 900 mosqu\u00e9es que compte la seule ville de Bouak\u00e9 \u00bb, a relev\u00e9 l\u2019imam Tour\u00e9, ajoutant que cette action se poursuivra aussi bien pour B\u00e9oumi que pour l\u2019ensemble des autres localit\u00e9s du territoire national.<\/p>\n<p>S\u2019exprimant devant les journalistes \u00e0 la fin de la c\u00e9r\u00e9monie, le ministre Amadou Kon\u00e9 a dit avoir \u00abune pens\u00e9e pieuse pour nos fr\u00e8res de B\u00e9oumi \u00bb qui ont v\u00e9cus ces derni\u00e8res semaines \u00ab une triste et inacceptable \u00bb situation. C\u2019est pourquoi, \u00ab nous demandons aux imams de continuer \u00e0 sensibiliser \u00e9galement et prier pour la paix et la stabilit\u00e9 en C\u00f4te d\u2019Ivoire \u00bb, a-t-il conclu.<\/p>\n<p>Fasse \u00e0 la presse, lundi, le procureur de la R\u00e9publique, pr\u00e8s le Tribunal de premi\u00e8re instance de Bouak\u00e9, Braman Kon\u00e9 s\u2019est dit satisfait de l\u2019interpellation de Monsieur Konan Saint Rodolphe, leader d\u2019opinion bien connu \u00e0 B\u00e9oumi et charg\u00e9 de la communication du maire de ladite ville pour son \u00abr\u00f4le d\u00e9terminant \u00bb dans l\u2019exacerbation de cette crise communautaire.<\/p>\n<p>\u00ab Il (Rodolphe Konan) s\u2019est donc saisi des r\u00e9seaux sociaux pour diffuser des informations mensong\u00e8res \u00e0 relent raciste ou tribaliste, dans la seule intention de soulever la communaut\u00e9 Baoul\u00e9 contre celle des Malink\u00e9 \u00bb, avait-il relev\u00e9 avant d\u2019affirmer que les diff\u00e9rentes publications de ce dernier ont eu un impact qui s\u2019est traduit par la reprise des affrontements le jeudi 16 mai apr\u00e8s l\u2019accalmie obtenue le mercredi apr\u00e8s-midi, 1er jour de l\u2019altercation entre les deux chauffeurs.<\/p>\n<p>A ce jour, 22 personnes ont \u00e9t\u00e9 arr\u00eat\u00e9es suite \u00e0 \u00a0l\u2019enqu\u00eate ouverte par le Tribunal de 1\u00e8re instance de Bouak\u00e9 pour entre autres situer les responsabilit\u00e9s sur le meurtre de Traor\u00e9 Daouda alias Daodjan dont le corps sans vie a \u00e9t\u00e9 trouv\u00e9 dans un puits \u00e0 Belakro.<\/p>\n<p>Le mercredi 15 mai dernier, une altercation survenue \u00e0 la gare routi\u00e8re de B\u00e9oumi entre un chauffeur de v\u00e9hicule de transport commun appel\u00e9 \u00ab Massa \u00bb et un conducteur de mototaxi, a d\u00e9g\u00e9n\u00e9r\u00e9 en une bagarre rang\u00e9e entre d\u2019une part les chauffeurs et apprentis des minicars et d\u2019autre part les conducteurs de mototaxi.<\/p>\n<p>Cette bagarre s\u2019est transform\u00e9e, aussit\u00f4t apr\u00e8s une accalmie, en un conflit communautaire entre les ethnies Baoul\u00e9 et Malink\u00e9 suite \u00e0 une forte rumeur faisant \u00e9tat de ce qu\u2019un \u00ab Dioula avait tu\u00e9 un Baoul\u00e9 \u00bb, ce qui s\u2019est av\u00e9r\u00e9 \u00eatre de l\u2019intox selon les autorit\u00e9s judiciaires.<\/p>\n<\/div>\n<p>Auteur: APA News<br \/>\n<a href=\"https:\/\/www.journalducameroun.com\/la-communaute-musulmane-de-bouake-prie-pour-la-paix-a-beoumi\/\">Cliquez ici pour lire l&rsquo;article depuis sa source.<\/a><\/p>\n","protected":false},"excerpt":{"rendered":"<p>Publi\u00e9 le 04.06.2019 \u00e0 21h18 par APA News A l\u2019occasion de l\u2019A\u00efd El-Fitr ou f\u00eate de ramadan marquant la fin du mois de je\u00fbne, la communaut\u00e9 musulmane de Bouak\u00e9, dans le Centre-Nord ivoirien a pri\u00e9, mardi, pour une paix d\u00e9finitive \u00e0 B\u00e9oumi (environ 60 km \u00e0 l\u2019Ouest de Bouak\u00e9), th\u00e9\u00e2tre d\u2019\u00e9v\u00e9nements meurtriers entre allog\u00e8nes et [&hellip;]<\/p>\n","protected":false},"author":1965,"featured_media":0,"comment_status":"closed","ping_status":"closed","sticky":false,"template":"","format":"standard","meta":{"fifu_image_url":"","fifu_image_alt":"","footnotes":""},"categories":[73,82],"tags":[],"class_list":["post-38745","post","type-post","status-publish","format-standard","hentry","category-actualite","category-cameroun"],"_links":{"self":[{"href":"https:\/\/linitiative.ca\/International\/wp-json\/wp\/v2\/posts\/38745","targetHints":{"allow":["GET"]}}],"collection":[{"href":"https:\/\/linitiative.ca\/International\/wp-json\/wp\/v2\/posts"}],"about":[{"href":"https:\/\/linitiative.ca\/International\/wp-json\/wp\/v2\/types\/post"}],"author":[{"embeddable":true,"href":"https:\/\/linitiative.ca\/International\/wp-json\/wp\/v2\/users\/1965"}],"replies":[{"embeddable":true,"href":"https:\/\/linitiative.ca\/International\/wp-json\/wp\/v2\/comments?post=38745"}],"version-history":[{"count":0,"href":"https:\/\/linitiative.ca\/International\/wp-json\/wp\/v2\/posts\/38745\/revisions"}],"wp:attachment":[{"href":"https:\/\/linitiative.ca\/International\/wp-json\/wp\/v2\/media?parent=38745"}],"wp:term":[{"taxonomy":"category","embeddable":true,"href":"https:\/\/linitiative.ca\/International\/wp-json\/wp\/v2\/categories?post=38745"},{"taxonomy":"post_tag","embeddable":true,"href":"https:\/\/linitiative.ca\/International\/wp-json\/wp\/v2\/tags?post=38745"}],"curies":[{"name":"wp","href":"https:\/\/api.w.org\/{rel}","templated":true}]}}