{"id":38757,"date":"2019-06-04T14:10:33","date_gmt":"2019-06-04T18:10:33","guid":{"rendered":"https:\/\/linitiative.ca\/International\/communication-gouvernementale-jeune-afrique-renoue-avec-le-cameroun-a-coup-de-milliards\/"},"modified":"2019-06-04T14:10:33","modified_gmt":"2019-06-04T18:10:33","slug":"communication-gouvernementale-jeune-afrique-renoue-avec-le-cameroun-a-coup-de-milliards","status":"publish","type":"post","link":"https:\/\/linitiative.ca\/International\/communication-gouvernementale-jeune-afrique-renoue-avec-le-cameroun-a-coup-de-milliards\/","title":{"rendered":"Communication gouvernementale : Jeune Afrique renoue avec le Cameroun \u00e0 coup de milliards"},"content":{"rendered":"<p>Dans son \u00e9dition du 26 mai au 1er juin dernier, <strong>Jeune Afrique<\/strong> consacre un dossier d\u2019une dizaine de pages au Cameroun. Loin d\u2019\u00eatre un travail laudateur, c\u2019est une production journalistique plut\u00f4t \u00e9quilibr\u00e9e, du moins pour ce qui est de la plupart des articles qui le meublent. Le dossier intitul\u00e9 : \u00ab <em>Cameroun, \u00e9quilibre instable<\/em> \u00bb, note que le pays est dans une position inconfortable ces derniers mois, du fait d\u2019une situation s\u00e9curitaire d\u00e9licate entre la crise anglophone qui paralyse le Nord-Ouest et le Sud-Ouest et les attaques de Boko Haram dans l\u2019Extr\u00eame-Nord. Dans le m\u00eame temps, sa sant\u00e9 \u00e9conomique demeure chancelante, m\u00eame s\u2019il \u00ab <em>s\u2019en sort mieux que ses voisins<\/em> \u00bb. Alors m\u00eame que le Mouvement pour la Renaissance du Cameroun (<strong>Mrc<\/strong>) continue de contester la victoire de <strong>Paul Biya<\/strong>, le journal indique que celle-ci a \u00e9t\u00e9 \u00ab <em>sans surprise<\/em> \u00bb. Jeune Afrique estime m\u00eame qu\u2019actuellement, \u00ab <em>tous les Camerounais semblent porter leur attention vers les prochaines \u00e9lections l\u00e9gislatives, attendues pour novembre. Tr\u00e8s peu suivies en temps normal, elles font cette fois office de v\u00e9ritable troisi\u00e8me tour pour le chef de l\u2019Etat, qui peut en profiter pour remporter la majorit\u00e9 parlementaire qui lui permettra d\u2019asseoir son pouvoir. Paul Biya aura alors toutes les cartes en mains pour remettre son pays sur les rails du d\u00e9veloppement \u00e9conomique<\/em> \u00bb.<\/p>\n<hr\/>\n<h4><strong>>> Lire aussi \u2013 <a title=\"Attractivit\u00e9 : Il y a trois ans, la conf\u00e9rence \u00ab Invertir au Cameroun \u00bb\" href=\"https:\/\/ecomatin.net\/attractivite-il-y-a-trois-ans-la-conference-invertir-au-cameroun\/\" target=\"_blank\" rel=\"noopener noreferrer\">Attractivit\u00e9 : Il y a trois ans, la conf\u00e9rence \u00ab Invertir au Cameroun \u00bb<\/a><br \/><\/strong><\/h4>\n<hr\/>\n<p>Rarement le journal de <strong>B\u00e9chir Ben Yahmed<\/strong> s\u2019\u00e9tait montr\u00e9 aussi optimiste quant aux capacit\u00e9s (ou plut\u00f4t \u00e0 la volont\u00e9) de l\u2019actuel pr\u00e9sident de la R\u00e9publique \u00e0 impulser v\u00e9ritablement le d\u00e9veloppement \u00e9conomique du Cameroun. <em>\u00ab Frapp\u00e9 en 2016 par la chute des cours des hydrocarbures, le pays a su retrouver le chemin de la croissance gr\u00e2ce \u00e0 la diversification de l\u2019activit\u00e9<\/em> \u00bb, analyse Jeune Afrique, prenant pratiquement le contre-pied du Fonds mon\u00e9taire international (<strong>Fmi<\/strong>) qui, m\u00eame s\u2019il reconna\u00eet des efforts en la mati\u00e8re, fait pression sur le gouvernement pour qu\u2019il cr\u00e9e davantage de conditions pour la diversification de l\u2019\u00e9conomie nationale au profit d\u2019activit\u00e9s productives. Il vante par ailleurs un pays \u00e0 la signature \u00ab <em>cr\u00e9dible sur les march\u00e9s<\/em> \u00bb et qui dispose d\u2019un vivier de projets miniers remis au go\u00fbt du jour par le d\u00e9marrage des op\u00e9rations du port en eau profonde de Kribi en 2018.<\/p>\n<blockquote readability=\"10\">\n<p>Cette \u00e9volution du ton de Jeune Afrique vers plus d\u2019\u00e9quilibre vis-\u00e0-vis du r\u00e9gime, confie une source proche du pouvoir, intervient apr\u00e8s le d\u00e9blocage au profit d\u2019un journal, d\u2019une importante somme<\/p>\n<\/blockquote>\n<p>Cette \u00e9volution du ton de Jeune Afrique vers plus d\u2019\u00e9quilibre vis-\u00e0-vis du r\u00e9gime, confie une source proche du pouvoir, intervient apr\u00e8s le d\u00e9blocage au profit d\u2019un journal, d\u2019une importante somme. C\u2019est ce qui expliquerait, par exemple, que le journal ait publi\u00e9 dans ledit dossier, une interview de complaisance sur une page de <strong>Gr\u00e9goire Owona<\/strong>, ministre du Travail et de la S\u00e9curit\u00e9 sociale et l\u2019un des plus influents communicants du Rassemblement d\u00e9mocratique du peuple camerounais (<strong>Rdpc<\/strong>), pour donner la position du gouvernement sur la crise anglophone. Toujours dans ce dossier qui pue la commande, des publicit\u00e9s d\u2019entreprises install\u00e9es au Cameroun. Notamment le <strong>Groupe Bollor\u00e9<\/strong>, les stations-services <strong>Gulfin<\/strong> qui n\u2019ont jamais communiqu\u00e9 dans un journal local, le groupe <strong>Danpullo<\/strong>, la Banque des Etats de l\u2019Afrique centrale (<strong>Beac<\/strong>), etc.<\/p>\n<p><strong>La fin d\u2019une longue crise de m\u00e9nage ?<\/strong><\/p>\n<p>Pour avoir publi\u00e9 courant f\u00e9vrier, une enqu\u00eate intitul\u00e9 : \u00ab <em>Madame la pr\u00e9sidente<\/em> \u00bb, laquelle fait r\u00e9f\u00e9rence \u00e0 la mainmise\u00a0 de la premi\u00e8re dame <strong>Chantal Biya<\/strong> sur le pouvoir et son r\u00f4le pr\u00e9pond\u00e9rant dans la formation du gouvernement du 04 janvier 2019, <strong>Jeune Afrique<\/strong> a \u00e9t\u00e9 trait\u00e9 de tous les noms d\u2019oiseaux et accus\u00e9 de fomenter la d\u00e9stabilisation du Cameroun. Le journal a fait l\u2019objet d\u2019un tir group\u00e9 de la part d\u2019une bonne partie de la presse camerounaise, enclench\u00e9 par les m\u00e9dias du service public, \u00e0 qui l\u2019on a fait dire que le journal faisait du chantage au pouvoir qui n\u2019aurait pas r\u00e9gl\u00e9 ses factures. Jeune Afrique a m\u00eame \u00e9t\u00e9 accus\u00e9 de chercher \u00e0 susciter un coup d\u2019\u00e9tat militaire au Cameroun, en insinuant que Chantal Biya avait acquis le pouvoir de gr\u00e9 \u00e0 gr\u00e9 de son \u00e9poux ou encore qu\u2019elle \u00e9tait une dauphine potentielle. \u00ab <em>C\u2019est une id\u00e9e d\u2019enqu\u00eate qui s\u2019est progressivement impos\u00e9e au fur et \u00e0 mesure de la mont\u00e9e en influence et en visibilit\u00e9 de la premi\u00e8re dame, laquelle a longtemps \u00e9t\u00e9 sous-estim\u00e9e \u00e0 tort. Le dernier remaniement minist\u00e9riel, en janvier, nous a fourni l\u2019occasion de la concr\u00e9tiser. Il n\u2019y a rien d\u2019autre que cela, encore moins un pseudo commanditaire masqu\u00e9 \u2013 affabulation \u00e0 laquelle nous sommes habitu\u00e9s<\/em> \u00bb, avait r\u00e9pondu son directeur de la r\u00e9daction, <strong>Fran\u00e7ois Soudan<\/strong>, dans une interview accord\u00e9e \u00e0 Mutations.<\/p>\n<hr\/>\n<h4><strong>>> Lire aussi \u2013 <a title=\"Tourisme : plus de 800 000 touristes internationaux enregistr\u00e9s au Cameroun en 2018\" href=\"https:\/\/ecomatin.net\/tourisme-plus-de-800-000-touristes-internationaux-enregistres-au-cameroun-en-2018\/\" target=\"_blank\" rel=\"noopener noreferrer\">Tourisme : plus de 800 000 touristes internationaux enregistr\u00e9s au Cameroun en 2018<\/a><br \/><\/strong><\/h4>\n<hr\/>\n<p>Les relations entre le journal de la <strong>rue d\u2019Auteuil<\/strong> \u00e0 <strong>Paris<\/strong> et le pouvoir de <strong>Yaound\u00e9<\/strong> ont toujours \u00e9volu\u00e9 en dents de scie. Un peu comme s\u2019il y avait\u00a0 un pacte entre les deux, au point que d\u00e8s que celui-ci est viol\u00e9 par l\u2019une des parties, il y a une lev\u00e9e de boucliers de la part de l\u2019autre. Beaucoup y voient plut\u00f4t des crises de m\u00e9nages r\u00e9guli\u00e8res. Le courant passe pour l\u2019instant, et une nouvelle brouille n\u2019est pas \u00e0 exclure tr\u00e8s prochainement. On a en m\u00e9moire la retentissante enqu\u00eate intitul\u00e9e \u00ab <em>Cameroun, le p\u00e9ril jeune<\/em> \u00bb, parue dans Jeune Afrique en d\u00e9cembre 2014. Le journal analysait la situation \u00e0 l\u2019aune de la confiscation du pouvoir par une poign\u00e9e de vieillards \u00ab <em>sur fond de ch\u00f4mage galopant<\/em> \u00bb chez les jeunes, en indiquant que cela constituait \u00ab <em>un cocktail explosif<\/em> \u00bb. La riposte du gouvernement avait \u00e9t\u00e9 violente. L\u2019ex-ministre de la Communication, <strong>Issa Tchiroma Bakary<\/strong>, avait affirm\u00e9 que ce journal ne cachait plus \u00ab <em>son impatience \u00e0 voir la jeunesse camerounaise prendre la voie de l\u2019insurrection populaire, et bouter hors du s\u00e9rail les \u00e9quipes dirigeantes actuelles, que les Camerounais dans leur \u00e9crasante majorit\u00e9 \u2013 et donc y compris ces jeunes eux-m\u00eames \u2013 ont pourtant souverainement choisi de porter \u00e0 la gestion des pouvoirs institutionnels de leur pays<\/em> \u00bb.\u00a0 Quelques mois apr\u00e8s, JA fera un autre dossier dans lequel il pr\u00e9sente un Cameroun de <strong>Paul Biya<\/strong> confront\u00e9 \u00e0 une agression historique, \u00e0 la chute des cours du p\u00e9trole, etc., mais qui malgr\u00e9 tout poursuivait son programme de d\u00e9veloppement. Plus tard, en 2017, Yaound\u00e9 n\u2019avait pas appr\u00e9ci\u00e9 la publication par Jeune Afrique d\u2019une interview de l\u2019ancien ministre de l\u2019Administration territoriale, <strong>Marafa Hamidou Yaya<\/strong>, dans laquelle, il disait \u00eatre un prisonnier politique.<\/p>\n<p><strong>La touche de Sadi et Mvondo Ayolo<\/strong><\/p>\n<p>Le nouveau ministre de la Communication, <strong>Ren\u00e9 Emmanuel Sadi<\/strong>, un vieil ami du journal, serait pour beaucoup dans cette \u00e9volution. Il a obtenu un \u00ab <em>cessez-le-feu<\/em> \u00bb comme cela a \u00e9t\u00e9 le cas par le pass\u00e9, \u00e0 coup de centaines de millions Fcfa. Il est vrai, indique <strong>JA<\/strong> dans son dossier querell\u00e9, \u00ab <strong><em>Paul Biya<\/em><\/strong> <em>est tr\u00e8s attach\u00e9 \u00e0 l\u2019image internationale de son pays<\/em> \u00bb. Mais, ce n\u2019est pas sur ce terrain-l\u00e0 qu\u2019il est attendu. Ren\u00e9 Sadi, qui avait dit vouloir donner une nouvelle orientation \u00e0 la communication gouvernementale en expurgeant la flagornerie, a un devoir historique vis-\u00e0-vis de la presse nationale, dont il doit travailler \u00e0 am\u00e9liorer la situation \u00e9conomique. Au lieu de quoi, le haut commis longtemps consid\u00e9r\u00e9 comme le dauphin putatif du pr\u00e9sident Paul Biya, a l\u2019ambition de p\u00e9renniser le pernicieux syst\u00e8me du financement informel ou plut\u00f4t ill\u00e9gal des grands m\u00e9dias fran\u00e7africains.<\/p>\n<hr\/>\n<h4><strong>>> Lire aussi \u2013 <a title=\"L\u2019Etat camerounais, nouveau propri\u00e9taire d\u2019Afrimedia, soci\u00e9t\u00e9 de diffusion d\u2019Africa 24\" href=\"https:\/\/ecomatin.net\/letat-camerounais-nouveau-proprietaire-dafrimedia-societe-de-diffusion-dafrica-24\/\" target=\"_blank\" rel=\"noopener noreferrer\">L\u2019Etat camerounais, nouveau propri\u00e9taire d\u2019Afrimedia, soci\u00e9t\u00e9 de diffusion d\u2019Africa 24<\/a><br \/><\/strong><\/h4>\n<hr\/>\n<p>La strat\u00e9gie globale de com\u2019 de Sadi est floue. Il prend des distances avec les m\u00e9dias et journalistes nationaux. A la limite, il les regarde tous de haut. A preuve, depuis son arriv\u00e9e \u00e0 la t\u00eate du Mincom, le 04 janvier dernier, il a mis fin aux interviews quasi-hebdomadaires auxquelles son pr\u00e9d\u00e9cesseur, <strong>Issa Tchiroma Bakary<\/strong>, avait habitu\u00e9 les journalistes locaux. Rendus au 6<sup>\u00e8me<\/sup> mois de l\u2019ann\u00e9e, rien ne filtre au sujet de l\u2019aide publique \u00e0 la communication priv\u00e9e, qui n\u2019a jamais d\u00e9pass\u00e9 <strong>250 millions Fcfa<\/strong>, alors que parall\u00e8lement, des journaux et des t\u00e9l\u00e9visions \u00e9trang\u00e8res sont financ\u00e9s \u00e0 coup de milliards Fcfa.<\/p>\n<p>Ren\u00e9 Emmanuel Sadi et <strong>Samuel Mvondo Ayolo<\/strong>,\u00a0 le directeur du cabinet civil de la Pr\u00e9sidence, sont ceux qui ont convaincu le chef de l\u2019Etat de racheter la cha\u00eene de t\u00e9l\u00e9vision <strong>Africa 24<\/strong>, \u00e0 pr\u00e8s de milliards Fcfa.<\/p>\n<div class=\"about-author about-author-box container-wrapper\">\n<div class=\"author-avatar\">\n<p><img decoding=\"async\" src=\"http:\/\/\" alt=\"\"\/><\/p>\n<\/div>\n<p><h4>La R\u00e9daction EcoMatin<\/h4>\n<\/p>\n<\/div>\n<div class=\"awac-wrapper awac widget blog_subscription-2\">\n<h4 class=\"widget-title\">Abonnez-vous \u00e0 notre lettre d&rsquo;information<\/h4>\n<\/div>\n<p>Auteur: EcoMatin<br \/>\n<a href=\"https:\/\/ecomatin.net\/communication-gouvernementale-jeune-afrique-renoue-avec-le-cameroun-a-coup-de-milliards\/\">Cliquez ici pour lire l&rsquo;article depuis sa source.<\/a><\/p>\n","protected":false},"excerpt":{"rendered":"<p>Dans son \u00e9dition du 26 mai au 1er juin dernier, Jeune Afrique consacre un dossier d\u2019une dizaine de pages au Cameroun. Loin d\u2019\u00eatre un travail laudateur, c\u2019est une production journalistique plut\u00f4t \u00e9quilibr\u00e9e, du moins pour ce qui est de la plupart des articles qui le meublent. Le dossier intitul\u00e9 : \u00ab Cameroun, \u00e9quilibre instable \u00bb, [&hellip;]<\/p>\n","protected":false},"author":1969,"featured_media":0,"comment_status":"closed","ping_status":"closed","sticky":false,"template":"","format":"standard","meta":{"fifu_image_url":"","fifu_image_alt":"","footnotes":""},"categories":[82,78],"tags":[],"class_list":["post-38757","post","type-post","status-publish","format-standard","hentry","category-cameroun","category-economie"],"_links":{"self":[{"href":"https:\/\/linitiative.ca\/International\/wp-json\/wp\/v2\/posts\/38757","targetHints":{"allow":["GET"]}}],"collection":[{"href":"https:\/\/linitiative.ca\/International\/wp-json\/wp\/v2\/posts"}],"about":[{"href":"https:\/\/linitiative.ca\/International\/wp-json\/wp\/v2\/types\/post"}],"author":[{"embeddable":true,"href":"https:\/\/linitiative.ca\/International\/wp-json\/wp\/v2\/users\/1969"}],"replies":[{"embeddable":true,"href":"https:\/\/linitiative.ca\/International\/wp-json\/wp\/v2\/comments?post=38757"}],"version-history":[{"count":0,"href":"https:\/\/linitiative.ca\/International\/wp-json\/wp\/v2\/posts\/38757\/revisions"}],"wp:attachment":[{"href":"https:\/\/linitiative.ca\/International\/wp-json\/wp\/v2\/media?parent=38757"}],"wp:term":[{"taxonomy":"category","embeddable":true,"href":"https:\/\/linitiative.ca\/International\/wp-json\/wp\/v2\/categories?post=38757"},{"taxonomy":"post_tag","embeddable":true,"href":"https:\/\/linitiative.ca\/International\/wp-json\/wp\/v2\/tags?post=38757"}],"curies":[{"name":"wp","href":"https:\/\/api.w.org\/{rel}","templated":true}]}}