{"id":38760,"date":"2019-06-05T07:50:06","date_gmt":"2019-06-05T11:50:06","guid":{"rendered":"https:\/\/linitiative.ca\/International\/tchad-societe-civile-et-opposition-denoncent-la-defaillance-du-regime\/"},"modified":"2019-06-05T07:50:06","modified_gmt":"2019-06-05T11:50:06","slug":"tchad-societe-civile-et-opposition-denoncent-la-defaillance-du-regime","status":"publish","type":"post","link":"https:\/\/linitiative.ca\/International\/tchad-societe-civile-et-opposition-denoncent-la-defaillance-du-regime\/","title":{"rendered":"Tchad: soci\u00e9t\u00e9 civile et opposition d\u00e9noncent la \u00ab\u00a0d\u00e9faillance\u00a0\u00bb du r\u00e9gime"},"content":{"rendered":"<div readability=\"32\">\n<p>Publi\u00e9 le 05.06.2019 \u00e0 12h50 par AFP<\/p>\n<\/div>\n<div readability=\"142\">\n<p>La soci\u00e9t\u00e9 civile et l\u2019opposition tchadienne d\u00e9noncent la \u00ab\u00a0d\u00e9faillance\u00a0\u00bb du pouvoir qui menace de r\u00e9tablir la cour martiale au moment o\u00f9 les attaques jihadistes et les violences intercommunautaires se multiplient dans le pays.<\/p>\n<p>Le pr\u00e9sident tchadien Idriss D\u00e9by Itno a d\u00e9nonc\u00e9 mardi \u00e0 N\u2019Djamena \u00ab\u00a0de fortes complicit\u00e9s locales\u00a0\u00bb avec le groupe jihadiste nig\u00e9rian Boko Haram dans la r\u00e9gion du lac Tchad o\u00f9 au moins huit attaques ont eu lieu depuis juin 2018, appelant \u00e0 d\u00e9noncer \u00ab\u00a0tous ceux qui servent de relais aux terroristes\u00a0\u00bb.<\/p>\n<p>Il a \u00e9galement menac\u00e9 de r\u00e9tablir la cour martiale, supprim\u00e9e en 1993, alors que l\u2019est du pays est en proie \u00e0 un grave conflit intercommunautaire entre \u00e9leveurs et agriculteurs. Cette juridiction \u00e9tait comp\u00e9tente pour juger militaires et civils. Le Tchad a aboli fin 2016 la peine de mort \u00e0 l\u2019exception des affaires de \u00ab\u00a0terrorisme\u00a0\u00bb.<\/p>\n<p>Pour l\u2019opposition tchadienne, les derni\u00e8res d\u00e9clarations du chef de l\u2019Etat illustrent son \u00ab\u00a0incapacit\u00e9\u00a0\u00bb \u00e0 continuer \u00e0 pr\u00e9sider aux destin\u00e9es du Tchad.<\/p>\n<p>\u00ab\u00a0C\u2019est la preuve que D\u00e9by est incapable de g\u00e9rer le pays sans recourir \u00e0 des lois d\u2019exception (\u2026) les conflits intercommunautaires se multiplient de plus en plus. C\u2019est la preuve que le r\u00e9gime actuel est \u00e0 bout de souffle\u00a0\u00bb, a d\u00e9clar\u00e9 le pr\u00e9sident de l\u2019Union Nationale pour le D\u00e9veloppement et le Renouveau(UNDR), Saleh Kebzabo.<\/p>\n<p>Au moins trente et une personnes sont mortes mi-mai dans l\u2019est du Tchad, au cours d\u2019affrontements opposant agriculteurs autochtones ouadda\u00efens et \u00e9leveurs membres de tribus arabes.<\/p>\n<p>Depuis plusieurs dizaines d\u2019ann\u00e9es, l\u2019est tchadien, zone de transhumance et r\u00e9gion strat\u00e9gique \u00e0 la fronti\u00e8re avec le Soudan, est en proie \u00e0 des conflits entre ces communaut\u00e9s. En novembre 2018, des affrontements meurtriers ont fait une dizaine de morts pr\u00e8s d\u2019Ab\u00e9ch\u00e9, capitale du Ouadda\u00ef, province orientale du Tchad.<\/p>\n<p>\u00ab\u00a0Le pr\u00e9sident Idriss Deby, 66 ans, qui est depuis 29 ans accroch\u00e9 au pouvoir, n\u2019a pas \u00e9t\u00e9 capable d\u2019instaurer la paix et la s\u00e9curit\u00e9 au Tchad\u00a0\u00bb, estime le secr\u00e9taire g\u00e9n\u00e9ral du Parti pour les Libert\u00e9s et le D\u00e9veloppement(PLD), Mahamat Ahmat Alhabo.\u00a0\u00bbD\u00e9by doit se bl\u00e2mer lui-m\u00eame, c\u2019est l\u2019\u00e9chec de sa gouvernance\u00a0\u00bb, a-t-il ajout\u00e9.<\/p>\n<p>\u2013 S\u00e9cheresse et transhumance-<\/p>\n<p>Selon des chercheurs, l\u2019augmentation de la s\u00e9cheresse dans la r\u00e9gion et la pression d\u00e9mographique ont intensifi\u00e9 les tensions li\u00e9es \u00e0 la transhumance. Et \u00e0 ces changements structurels, sont venus se greffer des probl\u00e8mes ethniques.<\/p>\n<p>Les troupeaux appartiennent en grande majorit\u00e9 aux Zaghawa, l\u2019ethnie du pr\u00e9sident D\u00e9by Itno, selon les agriculteurs, qui d\u00e9noncent l\u2019impunit\u00e9 dont les \u00e9leveurs b\u00e9n\u00e9ficient lorsqu\u2019un diff\u00e9rend \u00e9clate.<\/p>\n<p>Une situation conflictuelle entre \u00e9leveurs et agriculteurs qui se retrouve dans plusieurs autres pays africains, notamment au Nigeria.<\/p>\n<p>\u00ab\u00a0Sans nier les graves tensions dans ce pays, Idriss Deby a l\u2019habitude d\u2019exacerber les menaces internes\u00a0\u00bb, analyse le sp\u00e9cialiste fran\u00e7ais Roland Marchal, chercheur \u00e0 Sciences-Po.<\/p>\n<p>Des \u00e9lections l\u00e9gislatives, maintes fois report\u00e9es doivent avoir lieu en 2019.<\/p>\n<p>\u00ab\u00a0Tout ce qui pourra retarder la tenue de ces \u00e9lections pour Deby sera bienvenu\u00a0\u00bb, selon M. Marchal qui s\u2019interroge sur la n\u00e9cessit\u00e9 de r\u00e9tablir la cour martiale alors que la \u00ab\u00a0principale raison de l\u2019intensification de ces conflits est li\u00e9e \u00e0 la s\u00e9cheresse\u00a0\u00bb.<\/p>\n<p>De son c\u00f4t\u00e9, la soci\u00e9t\u00e9 civile tchadienne estime que la mont\u00e9e de l\u2019ins\u00e9curit\u00e9 est li\u00e9e \u00e0 une crise de l\u2019autorit\u00e9 de l\u2019\u00c9tat et \u00e0 la complicit\u00e9 de certaines autorit\u00e9s d\u00e9centralis\u00e9es.<\/p>\n<p>\u00ab\u00a0Dans le cas de Boko Haram (\u2026), il faut chercher les causes profondes de la survivance et de la r\u00e9sistance de cette n\u00e9buleuse secte islamiste\u00a0\u00bb si \u00ab\u00a0on \u00e9voque \u00e0 demi-mot une certaine complicit\u00e9 de nos compatriotes\u00a0\u00bb, estime le fondateur du Mouvement Citoyen pour la Pr\u00e9servation des Libert\u00e9s (MCPL), association de d\u00e9fense des droits de l\u2019Homme, Jean Bosco Manga.<\/p>\n<p>Le Mouvement Patriotique du Salut (MPS) du pr\u00e9sident D\u00e9by, estime que le syst\u00e8me judiciaire actuel n\u2019a pas \u00ab\u00a0dissuad\u00e9 certains de nos concitoyens d\u2019exprimer leur haine en recourant \u00e0 la violence\u00a0\u00bb dans la r\u00e9gion du lac Tchad et dans le conflit intercommunautaire dans l\u2019est du pays.<\/p>\n<p>\u00ab\u00a0Le r\u00e9tablissement de la cour martiale\u00a0\u00bb pourrait les en dissuader, selon un membre du MSP, Jean-Bernard Padar\u00e9.<\/p>\n<\/div>\n<p>Auteur: AFP<br \/>\n<a href=\"https:\/\/www.journalducameroun.com\/tchad-societe-civile-et-opposition-denoncent-la-defaillance-du-regime\/\">Cliquez ici pour lire l&rsquo;article depuis sa source.<\/a><\/p>\n","protected":false},"excerpt":{"rendered":"<p>Publi\u00e9 le 05.06.2019 \u00e0 12h50 par AFP La soci\u00e9t\u00e9 civile et l\u2019opposition tchadienne d\u00e9noncent la \u00ab\u00a0d\u00e9faillance\u00a0\u00bb du pouvoir qui menace de r\u00e9tablir la cour martiale au moment o\u00f9 les attaques jihadistes et les violences intercommunautaires se multiplient dans le pays. Le pr\u00e9sident tchadien Idriss D\u00e9by Itno a d\u00e9nonc\u00e9 mardi \u00e0 N\u2019Djamena \u00ab\u00a0de fortes complicit\u00e9s locales\u00a0\u00bb [&hellip;]<\/p>\n","protected":false},"author":1965,"featured_media":0,"comment_status":"closed","ping_status":"closed","sticky":false,"template":"","format":"standard","meta":{"fifu_image_url":"","fifu_image_alt":"","footnotes":""},"categories":[73,82],"tags":[],"class_list":["post-38760","post","type-post","status-publish","format-standard","hentry","category-actualite","category-cameroun"],"_links":{"self":[{"href":"https:\/\/linitiative.ca\/International\/wp-json\/wp\/v2\/posts\/38760","targetHints":{"allow":["GET"]}}],"collection":[{"href":"https:\/\/linitiative.ca\/International\/wp-json\/wp\/v2\/posts"}],"about":[{"href":"https:\/\/linitiative.ca\/International\/wp-json\/wp\/v2\/types\/post"}],"author":[{"embeddable":true,"href":"https:\/\/linitiative.ca\/International\/wp-json\/wp\/v2\/users\/1965"}],"replies":[{"embeddable":true,"href":"https:\/\/linitiative.ca\/International\/wp-json\/wp\/v2\/comments?post=38760"}],"version-history":[{"count":0,"href":"https:\/\/linitiative.ca\/International\/wp-json\/wp\/v2\/posts\/38760\/revisions"}],"wp:attachment":[{"href":"https:\/\/linitiative.ca\/International\/wp-json\/wp\/v2\/media?parent=38760"}],"wp:term":[{"taxonomy":"category","embeddable":true,"href":"https:\/\/linitiative.ca\/International\/wp-json\/wp\/v2\/categories?post=38760"},{"taxonomy":"post_tag","embeddable":true,"href":"https:\/\/linitiative.ca\/International\/wp-json\/wp\/v2\/tags?post=38760"}],"curies":[{"name":"wp","href":"https:\/\/api.w.org\/{rel}","templated":true}]}}