{"id":38762,"date":"2019-06-05T07:50:09","date_gmt":"2019-06-05T11:50:09","guid":{"rendered":"https:\/\/linitiative.ca\/International\/presidentielle-en-rdc-les-congolais-doutent-du-resultat-mais-soutiennent-le-vainqueur-tshisekedi-sondage\/"},"modified":"2019-06-05T07:50:09","modified_gmt":"2019-06-05T11:50:09","slug":"presidentielle-en-rdc-les-congolais-doutent-du-resultat-mais-soutiennent-le-vainqueur-tshisekedi-sondage","status":"publish","type":"post","link":"https:\/\/linitiative.ca\/International\/presidentielle-en-rdc-les-congolais-doutent-du-resultat-mais-soutiennent-le-vainqueur-tshisekedi-sondage\/","title":{"rendered":"Pr\u00e9sidentielle en RDC: les Congolais doutent du r\u00e9sultat mais soutiennent le vainqueur Tshisekedi (sondage)"},"content":{"rendered":"<div readability=\"32\">\n<p>Publi\u00e9 le 05.06.2019 \u00e0 12h50 par AFP<\/p>\n<\/div>\n<div readability=\"93\">\n<p>Les Congolais doutent du r\u00e9sultat officiel de l\u2019\u00e9lection pr\u00e9sidentielle du 30 d\u00e9cembre mais ont une bonne opinion du pr\u00e9sident proclam\u00e9 vainqueur F\u00e9lix Tshisekedi, selon un sondage et une analyse publi\u00e9s mercredi.<\/p>\n<p>Au total 47% des personnes interrog\u00e9es sont \u00ab\u00a0tr\u00e8s favorables\u00a0\u00bb \u00e0 la d\u00e9claration de la Conf\u00e9rence \u00e9piscopale nationale du Congo (Cenco) affirmant que le r\u00e9sultat du scrutin ne refl\u00e9tait pas la v\u00e9rit\u00e9 des urnes, selon ce sondage.<\/p>\n<p>L\u2019enqu\u00eate est co-\u00e9labor\u00e9e par le Groupe des experts du Congo (GEC) qui avait fait \u00e9tat d\u2019une fuite de la commission \u00e9lectorale donnant l\u2019autre opposant Martin Fayulu largement vainqueur.<\/p>\n<p>Les r\u00e9sultats de cette fuite \u00ab\u00a0\u00e9taient fort semblables \u00e0 ceux de la mission d\u2019observation de l\u2019\u00c9glise catholique\u00a0\u00bb, souligne le GEC.<\/p>\n<p>Cependant 67% des personnes interrog\u00e9es affirment avoir une bonne opinion du pr\u00e9sident F\u00e9lix Tshisekedi, investi le 24 janvier, et qui doit prochainement nommer un gouvernement de coalition avec son pr\u00e9d\u00e9cesseur Joseph Kabila.<\/p>\n<p>\u00ab\u00a0Une nette majorit\u00e9 de Congolais (53% en mars et 58% en mai 2019) d\u00e9sapprouve l\u2019alliance actuelle entre la coalition de Tshisekedi et celle de l\u2019ancien pr\u00e9sident Joseph Kabila\u00a0\u00bb, rel\u00e8ve l\u2019enqu\u00eate.<\/p>\n<p>\u00ab\u00a0Pour la premi\u00e8re fois depuis de nombreuses ann\u00e9es, les r\u00e9pondants sont optimistes quant \u00e0 la direction que prend le pays, 51% en mars 2019, et 61% en mai 2019, une augmentation de 34% par rapport \u00e0 novembre 2017\u00a0\u00bb, notent les enqu\u00eateurs.<\/p>\n<p>\u00ab\u00a0Am\u00e9liorer les conditions de vie, le social et l\u2019\u00e9conomie\u00a0\u00bb est la priorit\u00e9 du nouveau pr\u00e9sident pour 50% des personnes interrog\u00e9es.<\/p>\n<p>Autre enseignement: revenu de trois ans d\u2019exil le 20 mai, l\u2019opposant Mo\u00efse Katumbi est \u00ab\u00a0le politique le plus populaire\u00a0\u00bb, avec 70% de bonne opinion.<\/p>\n<p>Le sondage a \u00e9t\u00e9 co-r\u00e9alis\u00e9 par le Bureau d\u2019\u00e9tudes, de recherche et de consulting international (Berci).<\/p>\n<p>L\u2019enqu\u00eate a \u00e9t\u00e9 conduite du 27 mars au 6 avril 2019 et du 4 au 9 mai 2019, sur un \u00e9chantillon de 1.212 et 1.294 personnes, dans l\u2019immense R\u00e9publique d\u00e9mocratique du Congo (2,3 millions d\u2019habitants) d\u00e9pourvue d\u2019infrastructures.<\/p>\n<p>\u00ab\u00a0Les interviews ont \u00e9t\u00e9 enregistr\u00e9es sur les tablettes \u00e9lectroniques \u00e0 l\u2019aide de l\u2019Open Data Kit (ODK). Les r\u00e9pondants ont \u00e9t\u00e9 recrut\u00e9s \u00e0 partir d\u2019une liste de num\u00e9ros de t\u00e9l\u00e9phone cellulaire obtenus lors du sondage de BERCI\/GEC de 2016 r\u00e9alis\u00e9 au domicile des r\u00e9pondants\u00a0\u00bb, est-il pr\u00e9cis\u00e9.<\/p>\n<\/div>\n<p>Auteur: AFP<br \/>\n<a href=\"https:\/\/www.journalducameroun.com\/presidentielle-en-rdc-les-congolais-doutent-du-resultat-mais-soutiennent-le-vainqueur-tshisekedi-sondage\/\">Cliquez ici pour lire l&rsquo;article depuis sa source.<\/a><\/p>\n","protected":false},"excerpt":{"rendered":"<p>Publi\u00e9 le 05.06.2019 \u00e0 12h50 par AFP Les Congolais doutent du r\u00e9sultat officiel de l\u2019\u00e9lection pr\u00e9sidentielle du 30 d\u00e9cembre mais ont une bonne opinion du pr\u00e9sident proclam\u00e9 vainqueur F\u00e9lix Tshisekedi, selon un sondage et une analyse publi\u00e9s mercredi. Au total 47% des personnes interrog\u00e9es sont \u00ab\u00a0tr\u00e8s favorables\u00a0\u00bb \u00e0 la d\u00e9claration de la Conf\u00e9rence \u00e9piscopale nationale [&hellip;]<\/p>\n","protected":false},"author":1965,"featured_media":0,"comment_status":"closed","ping_status":"closed","sticky":false,"template":"","format":"standard","meta":{"fifu_image_url":"","fifu_image_alt":"","footnotes":""},"categories":[73,82],"tags":[],"class_list":["post-38762","post","type-post","status-publish","format-standard","hentry","category-actualite","category-cameroun"],"_links":{"self":[{"href":"https:\/\/linitiative.ca\/International\/wp-json\/wp\/v2\/posts\/38762","targetHints":{"allow":["GET"]}}],"collection":[{"href":"https:\/\/linitiative.ca\/International\/wp-json\/wp\/v2\/posts"}],"about":[{"href":"https:\/\/linitiative.ca\/International\/wp-json\/wp\/v2\/types\/post"}],"author":[{"embeddable":true,"href":"https:\/\/linitiative.ca\/International\/wp-json\/wp\/v2\/users\/1965"}],"replies":[{"embeddable":true,"href":"https:\/\/linitiative.ca\/International\/wp-json\/wp\/v2\/comments?post=38762"}],"version-history":[{"count":0,"href":"https:\/\/linitiative.ca\/International\/wp-json\/wp\/v2\/posts\/38762\/revisions"}],"wp:attachment":[{"href":"https:\/\/linitiative.ca\/International\/wp-json\/wp\/v2\/media?parent=38762"}],"wp:term":[{"taxonomy":"category","embeddable":true,"href":"https:\/\/linitiative.ca\/International\/wp-json\/wp\/v2\/categories?post=38762"},{"taxonomy":"post_tag","embeddable":true,"href":"https:\/\/linitiative.ca\/International\/wp-json\/wp\/v2\/tags?post=38762"}],"curies":[{"name":"wp","href":"https:\/\/api.w.org\/{rel}","templated":true}]}}