{"id":38769,"date":"2019-06-04T20:31:47","date_gmt":"2019-06-05T00:31:47","guid":{"rendered":"https:\/\/linitiative.ca\/International\/tunisie-villages-denfants-sos-le-chef-du-gouvernement-prend-les-choses-en-mains\/"},"modified":"2019-06-04T20:31:47","modified_gmt":"2019-06-05T00:31:47","slug":"tunisie-villages-denfants-sos-le-chef-du-gouvernement-prend-les-choses-en-mains","status":"publish","type":"post","link":"https:\/\/linitiative.ca\/International\/tunisie-villages-denfants-sos-le-chef-du-gouvernement-prend-les-choses-en-mains\/","title":{"rendered":"Tunisie \u2013 Villages d\u2019enfants SOS\u00a0: Le chef du gouvernement prend les choses en mains"},"content":{"rendered":"<div class=\"post-cont-in left relative\">\n<div class=\"swp_social_panel swp_horizontal_panel swp_flat_fresh swp_default_full_color swp_individual_full_color swp_other_full_color scale-100 scale-\" data-min-width=\"1100\" data-float-color=\"#ffffff\" data-float=\"none\" data-float-mobile=\"none\" data-transition=\"slide\">\n<div class=\"nc_tweetContainer swp_share_button total_shares total_sharesalt\"><span class=\"swp_count\">182 <span class=\"swp_label\">Partages<\/span><\/span><\/div>\n<\/div>\n<p>Suite \u00e0 la pol\u00e9mique suscit\u00e9e par la taxe\u00a0impos\u00e9e aux dons de la Zakat el fitr au profit des villages d\u2019enfants SOS, le chef du gouvernement, Youssef Chahed s\u2019est rendu ce soir, \u00e0 l\u2019occasion de l\u2019A\u00efd, au village SOS de Gammarth o\u00f9 il s\u2019est entretenu avec les dirigeants de l\u2019association et a pris les dispositions suivantes avec effet imm\u00e9diat.<\/p>\n<p>Versement de la totalit\u00e9 des taxes per\u00e7ues sur les dons par sms, au profit de l\u2019association SOS.<\/p>\n<div class=\"code-block code-block-1 c3\"><ins class=\"adsbygoogle c2\" data-ad-layout=\"in-article\" data-ad-format=\"fluid\" data-ad-client=\"ca-pub-2102118777505746\" data-ad-slot=\"7301775417\"\/> <\/div>\n<p>Prise en charge par l\u2019Etat de l\u2019association de fa\u00e7on d\u00e9finitive, en lui d\u00e9diant un budget annuel fixe, de 3 millions de dinars, de fa\u00e7on \u00e0 combler le manque de cr\u00e9dits cr\u00e9\u00e9 par l\u2019arr\u00eat des subventions qui \u00e9taient vers\u00e9es par l\u2019organisation internationale des villages SOS, \u00e0 la branche tunisienne. De cette fa\u00e7on, l\u2019Etat garantit la gestion ad\u00e9quate et la p\u00e9rennit\u00e9 de l\u2019association.<\/p>\n<p>Ces mesures ont \u00e9t\u00e9 annonc\u00e9es par le pr\u00e9sident de l\u2019association, Fathi Ma\u00e2oui et relay\u00e9e par la page Facebook du village SOS de Mahres, cette institution qui vivait des difficult\u00e9s financi\u00e8res \u00e9normes\u00a0 mena\u00e7ant\u00a0sa p\u00e9rrenit\u00e9.<\/p>\n<p><img loading=\"lazy\" decoding=\"async\" class=\"aligncenter size-full wp-image-439043\" src=\"https:\/\/www.tunisienumerique.com\/wp-content\/uploads\/2019\/06\/sos.jpg\" alt=\"\" width=\"484\" height=\"828\"\/><\/p>\n<div class=\"mvp-org-wrap mvp-org-logo\" itemprop=\"publisher\" itemscope=\"\" itemtype=\"https:\/\/schema.org\/Organization\"><img decoding=\"async\" src=\"https:\/\/www.tunisienumerique.com\/wp-content\/uploads\/2017\/02\/logo_tunisie_numerique.png\"\/><\/div>\n<div class=\"swp_social_panel swp_horizontal_panel swp_flat_fresh swp_default_full_color swp_individual_full_color swp_other_full_color scale-100 scale-\" data-min-width=\"1100\" data-float-color=\"#ffffff\" data-float=\"none\" data-float-mobile=\"none\" data-transition=\"slide\">\n<div class=\"nc_tweetContainer swp_share_button total_shares total_sharesalt\"><span class=\"swp_count\">182 <span class=\"swp_label\">Partages<\/span><\/span><\/div>\n<\/div>\n<div class=\"mvp-related-posts left relative\">\n<h4 class=\"post-header\"><span class=\"post-header\">Lire aussi<\/span><\/h4>\n<\/div>\n<\/div>\n<p>Auteur: LM<br \/>\n<a href=\"https:\/\/www.tunisienumerique.com\/tunisie-villages-denfants-sos-le-chef-du-gouvernement-prend-les-choses-en-mains\/\">Cliquez ici pour lire l&rsquo;article depuis sa source.<\/a><\/p>\n","protected":false},"excerpt":{"rendered":"<p>182 Partages Suite \u00e0 la pol\u00e9mique suscit\u00e9e par la taxe\u00a0impos\u00e9e aux dons de la Zakat el fitr au profit des villages d\u2019enfants SOS, le chef du gouvernement, Youssef Chahed s\u2019est rendu ce soir, \u00e0 l\u2019occasion de l\u2019A\u00efd, au village SOS de Gammarth o\u00f9 il s\u2019est entretenu avec les dirigeants de l\u2019association et a pris les [&hellip;]<\/p>\n","protected":false},"author":1789,"featured_media":38772,"comment_status":"closed","ping_status":"closed","sticky":false,"template":"","format":"standard","meta":{"fifu_image_url":"","fifu_image_alt":"","footnotes":""},"categories":[73,55],"tags":[],"class_list":["post-38769","post","type-post","status-publish","format-standard","has-post-thumbnail","hentry","category-actualite","category-tunisie"],"_links":{"self":[{"href":"https:\/\/linitiative.ca\/International\/wp-json\/wp\/v2\/posts\/38769","targetHints":{"allow":["GET"]}}],"collection":[{"href":"https:\/\/linitiative.ca\/International\/wp-json\/wp\/v2\/posts"}],"about":[{"href":"https:\/\/linitiative.ca\/International\/wp-json\/wp\/v2\/types\/post"}],"author":[{"embeddable":true,"href":"https:\/\/linitiative.ca\/International\/wp-json\/wp\/v2\/users\/1789"}],"replies":[{"embeddable":true,"href":"https:\/\/linitiative.ca\/International\/wp-json\/wp\/v2\/comments?post=38769"}],"version-history":[{"count":0,"href":"https:\/\/linitiative.ca\/International\/wp-json\/wp\/v2\/posts\/38769\/revisions"}],"wp:featuredmedia":[{"embeddable":true,"href":"https:\/\/linitiative.ca\/International\/wp-json\/"}],"wp:attachment":[{"href":"https:\/\/linitiative.ca\/International\/wp-json\/wp\/v2\/media?parent=38769"}],"wp:term":[{"taxonomy":"category","embeddable":true,"href":"https:\/\/linitiative.ca\/International\/wp-json\/wp\/v2\/categories?post=38769"},{"taxonomy":"post_tag","embeddable":true,"href":"https:\/\/linitiative.ca\/International\/wp-json\/wp\/v2\/tags?post=38769"}],"curies":[{"name":"wp","href":"https:\/\/api.w.org\/{rel}","templated":true}]}}