{"id":38771,"date":"2019-06-05T08:18:03","date_gmt":"2019-06-05T12:18:03","guid":{"rendered":"https:\/\/linitiative.ca\/International\/enquete-de-la-bbc-sur-le-petrole-senegalais-macky-sall-promet-de-la-verite\/"},"modified":"2019-06-05T08:18:03","modified_gmt":"2019-06-05T12:18:03","slug":"enquete-de-la-bbc-sur-le-petrole-senegalais-macky-sall-promet-de-la-verite","status":"publish","type":"post","link":"https:\/\/linitiative.ca\/International\/enquete-de-la-bbc-sur-le-petrole-senegalais-macky-sall-promet-de-la-verite\/","title":{"rendered":"Enqu\u00eate de la BBC sur le p\u00e9trole s\u00e9n\u00e9galais : Macky Sall promet de \u00ab la v\u00e9rit\u00e9 \u00bb"},"content":{"rendered":"<div readability=\"32\">\n<p>Publi\u00e9 le 05.06.2019 \u00e0 13h18 par APA News<\/p>\n<\/div>\n<div readability=\"95\">\n<p>Le pr\u00e9sident s\u00e9n\u00e9galais, Macky Sall a promis, mercredi \u00e0 Dakar, de faire la lumi\u00e8re sur le scandale p\u00e9trolier r\u00e9v\u00e9l\u00e9 par une enqu\u00eate de la BBC intitul\u00e9e \u00ab le scandale \u00e9nerg\u00e9tique de 10 milliards de dollars \u00bb, impliquant son fr\u00e8re cadet, Aliou Sall.S\u2019exprimant au terme de la pri\u00e8re de l\u2019A\u00efd el-Fitr \u00e0 la grande mosqu\u00e9e de Dakar, le chef de l\u2019Etat a indiqu\u00e9 : \u00ab Au-del\u00e0 du caract\u00e8re personnel d\u2019un citoyen qui a \u00e9t\u00e9 mis en cause ou en tout cas accus\u00e9, un aspect qui a un caract\u00e8re priv\u00e9, que je ne peux intervenir, je tiens \u00e0 ce que la v\u00e9rit\u00e9 soit r\u00e9tablie \u00bb.<\/p>\n<p>Dans des propos rapport\u00e9s par la Rts (t\u00e9l\u00e9vision nationale), Macky Sall a promis que le gouvernement va r\u00e9tablir la v\u00e9rit\u00e9 d\u00e8s ce mercredi sur la gouvernance des ressources p\u00e9troli\u00e8res et gazi\u00e8res de son pays.<\/p>\n<p>Mais \u00e0 son avis, \u00ab jamais un pays n\u2019a pris autant de dispositions anticipatives (que le S\u00e9n\u00e9gal) pour \u00e9viter les \u00e9cueils par rapport aux ressources qui vont \u00eatre exploit\u00e9es dans les prochaines ann\u00e9es. Je suis conscient que le S\u00e9n\u00e9gal est d\u00e9sormais un pays p\u00e9trolier et gazier, il ne manquera pas de susciter de convoitises mais aussi de provocations utilisant m\u00eame des citoyens nationaux. C\u2019est des choses qui sont prises en charge \u00bb.<\/p>\n<p>Il a ajout\u00e9 : \u00ab S\u2019il faut sanctionner, nous allons sanctionner. Toutefois, nous n\u2019accepterons pas de fausses accusations. Je ne vais jamais d\u00e9roger \u00e0 la sauvegarde de l\u2019int\u00e9grit\u00e9 du territoire, de la souverainet\u00e9 du pays quels que soient les adversaires en face \u00bb.<\/p>\n<p>Dans son enqu\u00eate de pr\u00e8s de 11 minutes, la BBC r\u00e9v\u00e8le que \u00ab BP, le g\u00e9ant de l\u2019\u00e9nergie (britannique), a accept\u00e9 de payer pr\u00e8s de dix milliards de dollars \u00e0 un homme d\u2019affaires impliqu\u00e9 dans un contrat p\u00e9trolier controvers\u00e9 \u00bb.<\/p>\n<p>L\u2019homme d\u2019affaires en question se nomme Frank Timis, un Roumano-Australien install\u00e9 \u00e0 Londres, et la BBC ajoute qu\u2019Aliou Sall aurait servi de relais dans ce \u00ab scandale de corruption \u00bb entre ces deux parties.<\/p>\n<p>\u00ab BP avait achet\u00e9 les actions de Frank Timis dans un gisement de gaz au large des c\u00f4tes du S\u00e9n\u00e9gal pour 250 millions de dollars en 2017 \u00bb, rappelle la BBC.<\/p>\n<p>Cependant, note le m\u00e9dia international anglais, les documents obtenus par BBC Panorama et Africa Eye \u00ab r\u00e9v\u00e8lent que BP versera \u00e9galement \u00e0 sa soci\u00e9t\u00e9 entre neuf et douze milliards de dollars en redevances \u00bb.<\/p>\n<p>Toutefois, a pr\u00e9cis\u00e9 BBC, \u00ab BP et M. Timis ont tous deux ni\u00e9 tout acte r\u00e9pr\u00e9hensible dans cette affaire \u00bb.<\/p>\n<p>R\u00e9agissant lundi soir au cours d\u2019une conf\u00e9rence de presse, Aliou Sall a accus\u00e9 la BBC de diffamation et annonc\u00e9 une plainte.<\/p>\n<\/div>\n<p>Auteur: APA News<br \/>\n<a href=\"https:\/\/www.journalducameroun.com\/enquete-de-la-bbc-sur-le-petrole-senegalais-macky-sall-promet-de-la-verite\/\">Cliquez ici pour lire l&rsquo;article depuis sa source.<\/a><\/p>\n","protected":false},"excerpt":{"rendered":"<p>Publi\u00e9 le 05.06.2019 \u00e0 13h18 par APA News Le pr\u00e9sident s\u00e9n\u00e9galais, Macky Sall a promis, mercredi \u00e0 Dakar, de faire la lumi\u00e8re sur le scandale p\u00e9trolier r\u00e9v\u00e9l\u00e9 par une enqu\u00eate de la BBC intitul\u00e9e \u00ab le scandale \u00e9nerg\u00e9tique de 10 milliards de dollars \u00bb, impliquant son fr\u00e8re cadet, Aliou Sall.S\u2019exprimant au terme de la pri\u00e8re [&hellip;]<\/p>\n","protected":false},"author":1965,"featured_media":0,"comment_status":"closed","ping_status":"closed","sticky":false,"template":"","format":"standard","meta":{"fifu_image_url":"","fifu_image_alt":"","footnotes":""},"categories":[73,82],"tags":[],"class_list":["post-38771","post","type-post","status-publish","format-standard","hentry","category-actualite","category-cameroun"],"_links":{"self":[{"href":"https:\/\/linitiative.ca\/International\/wp-json\/wp\/v2\/posts\/38771","targetHints":{"allow":["GET"]}}],"collection":[{"href":"https:\/\/linitiative.ca\/International\/wp-json\/wp\/v2\/posts"}],"about":[{"href":"https:\/\/linitiative.ca\/International\/wp-json\/wp\/v2\/types\/post"}],"author":[{"embeddable":true,"href":"https:\/\/linitiative.ca\/International\/wp-json\/wp\/v2\/users\/1965"}],"replies":[{"embeddable":true,"href":"https:\/\/linitiative.ca\/International\/wp-json\/wp\/v2\/comments?post=38771"}],"version-history":[{"count":0,"href":"https:\/\/linitiative.ca\/International\/wp-json\/wp\/v2\/posts\/38771\/revisions"}],"wp:attachment":[{"href":"https:\/\/linitiative.ca\/International\/wp-json\/wp\/v2\/media?parent=38771"}],"wp:term":[{"taxonomy":"category","embeddable":true,"href":"https:\/\/linitiative.ca\/International\/wp-json\/wp\/v2\/categories?post=38771"},{"taxonomy":"post_tag","embeddable":true,"href":"https:\/\/linitiative.ca\/International\/wp-json\/wp\/v2\/tags?post=38771"}],"curies":[{"name":"wp","href":"https:\/\/api.w.org\/{rel}","templated":true}]}}