{"id":38774,"date":"2019-06-04T18:32:13","date_gmt":"2019-06-04T22:32:13","guid":{"rendered":"https:\/\/linitiative.ca\/International\/aramex-maroc-etend-son-activite-au-fret-routier\/"},"modified":"2019-06-04T18:32:13","modified_gmt":"2019-06-04T22:32:13","slug":"aramex-maroc-etend-son-activite-au-fret-routier","status":"publish","type":"post","link":"https:\/\/linitiative.ca\/International\/aramex-maroc-etend-son-activite-au-fret-routier\/","title":{"rendered":"Aramex Maroc \u00e9tend son activit\u00e9 au fret routier"},"content":{"rendered":"<p class=\"p1\">Le groupe Aramex \u00e9largit le p\u00e9rim\u00e8tre de ses activit\u00e9s au Maroc. Sa filiale <strong>Aramex International Morocco<\/strong> vient d\u2019obtenir l\u2019agr\u00e9ment de commissionnaire de transport de marchandises aupr\u00e8s du minist\u00e8re de l\u2019Equipement, du Transport et de la Logistique.<\/p>\n<div class=\"c10\"\/>\n<p class=\"p1\">Cr\u00e9\u00e9e en 2001, Aramex International Morocco, qui exer\u00e7ait, depuis, dans la messagerie nationale et internationale, le transit ainsi que l\u2019entreposage et la logistique, pourra d\u00e9sormais offrir \u00e0 ses clients du fret routier de point \u00e0 point en s\u2019appuyant sur un r\u00e9seau de sous-traitants (g\u00e9n\u00e9ralement des ind\u00e9pendants qui offrent leurs services \u00e0 des groupes plus structur\u00e9s).<\/p>\n<p class=\"p2\">Il faut dire qu\u2019avec la mont\u00e9e du prix de carburant depuis 2017, plusieurs acteurs du <strong>transport de marchandises<\/strong> (comme La Voie Express) ont pr\u00e9f\u00e9r\u00e9 limiter leurs flottes propres et recourir davantage \u00e0 des sous-traitants afin de r\u00e9duire le risque d\u2019exposition aux fluctuations des hydrocarbures (en transf\u00e9rant celui-ci \u00e0 ceux-l\u00e0). Aussi, le statut de commissionnaire en transport \u00e9tait-il un pr\u00e9alable pour beaucoup d\u2019entre eux.<\/p>\n<p class=\"p2\">Rappelons que le groupe Aramex a d\u00e9marr\u00e9 son activit\u00e9 en Jordanie en 1982 en tant qu\u2019op\u00e9rateur express, avant de s\u2019imposer rapidement comme une marque globale de <strong>transport express<\/strong> international et domestique, de fret, d\u2019op\u00e9rations de transit, de logistique et d\u2019autres services de transport partout \u00e0 travers le monde.<\/p>\n<p class=\"p2\">Aujourd\u2019hui, le groupe Aramex compte plus de 350 bureaux dans 60 pays et pr\u00e8s de 12.800 employ\u00e9s (dont plus de 200 au Maroc). Quant \u00e0 Aramex International Morocco, elle poss\u00e8de 5 agences \u00e0 Casablanca, Rabat, F\u00e8s, Marrakech et Tanger, une agence MEAD \u00e0 l\u2019a\u00e9roport Mohammed V, ainsi qu\u2019une plateforme logistique \u00e0 Casablanca d\u2019une superficie de 8.285 m2.<\/p>\n<div class=\"c17\">\n<fieldset class=\"c16\">\n<legend><strong><span class=\"c11\">Challenge<\/span><span class=\"c12\">news<\/span><\/strong><\/legend>\n<div class=\"c15\">Le meilleur de la r\u00e9daction s\u00e9lectionn\u00e9 par Challenge :<\/p>\n<\/div>\n<\/fieldset>\n<\/div>\n<p>Auteur: challenge<br \/>\n<a href=\"https:\/\/www.challenge.ma\/aramex-maroc-etend-son-activite-au-fret-routier-110028\/\">Cliquez ici pour lire l&rsquo;article depuis sa source.<\/a><\/p>\n","protected":false},"excerpt":{"rendered":"<p>Le groupe Aramex \u00e9largit le p\u00e9rim\u00e8tre de ses activit\u00e9s au Maroc. Sa filiale Aramex International Morocco vient d\u2019obtenir l\u2019agr\u00e9ment de commissionnaire de transport de marchandises aupr\u00e8s du minist\u00e8re de l\u2019Equipement, du Transport et de la Logistique. Cr\u00e9\u00e9e en 2001, Aramex International Morocco, qui exer\u00e7ait, depuis, dans la messagerie nationale et internationale, le transit ainsi que [&hellip;]<\/p>\n","protected":false},"author":1787,"featured_media":0,"comment_status":"closed","ping_status":"closed","sticky":false,"template":"","format":"standard","meta":{"fifu_image_url":"","fifu_image_alt":"","footnotes":""},"categories":[78,54],"tags":[],"class_list":["post-38774","post","type-post","status-publish","format-standard","hentry","category-economie","category-maroc"],"_links":{"self":[{"href":"https:\/\/linitiative.ca\/International\/wp-json\/wp\/v2\/posts\/38774","targetHints":{"allow":["GET"]}}],"collection":[{"href":"https:\/\/linitiative.ca\/International\/wp-json\/wp\/v2\/posts"}],"about":[{"href":"https:\/\/linitiative.ca\/International\/wp-json\/wp\/v2\/types\/post"}],"author":[{"embeddable":true,"href":"https:\/\/linitiative.ca\/International\/wp-json\/wp\/v2\/users\/1787"}],"replies":[{"embeddable":true,"href":"https:\/\/linitiative.ca\/International\/wp-json\/wp\/v2\/comments?post=38774"}],"version-history":[{"count":0,"href":"https:\/\/linitiative.ca\/International\/wp-json\/wp\/v2\/posts\/38774\/revisions"}],"wp:attachment":[{"href":"https:\/\/linitiative.ca\/International\/wp-json\/wp\/v2\/media?parent=38774"}],"wp:term":[{"taxonomy":"category","embeddable":true,"href":"https:\/\/linitiative.ca\/International\/wp-json\/wp\/v2\/categories?post=38774"},{"taxonomy":"post_tag","embeddable":true,"href":"https:\/\/linitiative.ca\/International\/wp-json\/wp\/v2\/tags?post=38774"}],"curies":[{"name":"wp","href":"https:\/\/api.w.org\/{rel}","templated":true}]}}