{"id":38777,"date":"2019-06-05T08:18:04","date_gmt":"2019-06-05T12:18:04","guid":{"rendered":"https:\/\/linitiative.ca\/International\/cameroun-creation-du-comite-dorganisation-du-chan-2020-et-de-la-can-2021\/"},"modified":"2019-06-05T08:18:04","modified_gmt":"2019-06-05T12:18:04","slug":"cameroun-creation-du-comite-dorganisation-du-chan-2020-et-de-la-can-2021","status":"publish","type":"post","link":"https:\/\/linitiative.ca\/International\/cameroun-creation-du-comite-dorganisation-du-chan-2020-et-de-la-can-2021\/","title":{"rendered":"Cameroun : cr\u00e9ation du Comit\u00e9 d\u2019organisation du CHAN 2020 et de la CAN 2021"},"content":{"rendered":"<div readability=\"32\">\n<p>Publi\u00e9 le 05.06.2019 \u00e0 13h18 par APA News<\/p>\n<\/div>\n<div readability=\"63\">\n<p>Le chef de l\u2019\u00c9tat camerounais, Paul Biya a sign\u00e9 un d\u00e9cret, publi\u00e9 mardi soir et portant cr\u00e9ation, organisation et fonctionnement du Comit\u00e9 d\u2019organisation local du Championnat d\u2019Afrique des nations de football (CHAN) de 2020 et de la Coupe d\u2019Afrique des nations de football (CAN) 2021\u00bb, en abr\u00e9g\u00e9 \u00abCocan 20-21\u00bb.Plac\u00e9 sous la pr\u00e9sidence du ministre en charge des Sports qui est second\u00e9 par le pr\u00e9sident de la f\u00e9d\u00e9ration nationale (Fecafoot), cette instance a pour mission d\u2019assurer la bonne organisation desdites comp\u00e9titions, en collaboration avec la Commission d\u2019organisation mise en place par la Conf\u00e9d\u00e9ration africaine de discipline (CAF), conform\u00e9ment aux cahiers de charges y relatifs.<\/p>\n<p>Ledit Comit\u00e9, dont les d\u00e9penses de fonctionnement sont par ailleurs support\u00e9es par le budget de l\u2019\u00c9tat, comprend une direction du tournoi, des commissions techniques et des comit\u00e9s de site.<\/p>\n<p>Le Cocan 20-21 sera dissout de plein droit d\u00e8s le d\u00e9p\u00f4t, aupr\u00e8s du Premier ministre et \u00e0 la diligence de son pr\u00e9sident, des rapports g\u00e9n\u00e9raux de l\u2019organisation du CHAN 2020 de la CAN 2021, au plus tard 03 mois apr\u00e8s la fin de chacune de ces comp\u00e9titions.<\/p>\n<p>Paul Biya avait d\u00e9j\u00e0, en ao\u00fbt 2017, mis sur pied le m\u00eame type d\u2019organisation pour la CAN 2019, finalement retir\u00e9e au pays le 30 novembre 2018 par la CAF pour cause d\u2019impr\u00e9paration et reprogramm\u00e9e en 2021, et dont les rapports li\u00e9s au fiasco infrastructurel n\u2019ont jamais \u00e9t\u00e9 publi\u00e9s.<\/p>\n<\/div>\n<p>Auteur: APA News<br \/>\n<a href=\"https:\/\/www.journalducameroun.com\/cameroun-creation-du-comite-dorganisation-du-chan-2020-et-de-la-can-2021\/\">Cliquez ici pour lire l&rsquo;article depuis sa source.<\/a><\/p>\n","protected":false},"excerpt":{"rendered":"<p>Publi\u00e9 le 05.06.2019 \u00e0 13h18 par APA News Le chef de l\u2019\u00c9tat camerounais, Paul Biya a sign\u00e9 un d\u00e9cret, publi\u00e9 mardi soir et portant cr\u00e9ation, organisation et fonctionnement du Comit\u00e9 d\u2019organisation local du Championnat d\u2019Afrique des nations de football (CHAN) de 2020 et de la Coupe d\u2019Afrique des nations de football (CAN) 2021\u00bb, en abr\u00e9g\u00e9 [&hellip;]<\/p>\n","protected":false},"author":1965,"featured_media":0,"comment_status":"closed","ping_status":"closed","sticky":false,"template":"","format":"standard","meta":{"fifu_image_url":"","fifu_image_alt":"","footnotes":""},"categories":[73,82],"tags":[],"class_list":["post-38777","post","type-post","status-publish","format-standard","hentry","category-actualite","category-cameroun"],"_links":{"self":[{"href":"https:\/\/linitiative.ca\/International\/wp-json\/wp\/v2\/posts\/38777","targetHints":{"allow":["GET"]}}],"collection":[{"href":"https:\/\/linitiative.ca\/International\/wp-json\/wp\/v2\/posts"}],"about":[{"href":"https:\/\/linitiative.ca\/International\/wp-json\/wp\/v2\/types\/post"}],"author":[{"embeddable":true,"href":"https:\/\/linitiative.ca\/International\/wp-json\/wp\/v2\/users\/1965"}],"replies":[{"embeddable":true,"href":"https:\/\/linitiative.ca\/International\/wp-json\/wp\/v2\/comments?post=38777"}],"version-history":[{"count":0,"href":"https:\/\/linitiative.ca\/International\/wp-json\/wp\/v2\/posts\/38777\/revisions"}],"wp:attachment":[{"href":"https:\/\/linitiative.ca\/International\/wp-json\/wp\/v2\/media?parent=38777"}],"wp:term":[{"taxonomy":"category","embeddable":true,"href":"https:\/\/linitiative.ca\/International\/wp-json\/wp\/v2\/categories?post=38777"},{"taxonomy":"post_tag","embeddable":true,"href":"https:\/\/linitiative.ca\/International\/wp-json\/wp\/v2\/tags?post=38777"}],"curies":[{"name":"wp","href":"https:\/\/api.w.org\/{rel}","templated":true}]}}