{"id":38778,"date":"2019-06-04T19:37:46","date_gmt":"2019-06-04T23:37:46","guid":{"rendered":"https:\/\/linitiative.ca\/International\/il-fait-lactu-lotfi-sekkat-nouveau-pdg-du-cih-bank\/"},"modified":"2019-06-04T19:37:46","modified_gmt":"2019-06-04T23:37:46","slug":"il-fait-lactu-lotfi-sekkat-nouveau-pdg-du-cih-bank","status":"publish","type":"post","link":"https:\/\/linitiative.ca\/International\/il-fait-lactu-lotfi-sekkat-nouveau-pdg-du-cih-bank\/","title":{"rendered":"Il fait l\u2019actu: Lotfi Sekkat, nouveau PDG du CIH Bank"},"content":{"rendered":"<p>Belle promotion pour <strong>Lotfi Sekkat<\/strong>, Directeur g\u00e9n\u00e9ral de CIH Bank, qui a \u00e9t\u00e9 nomm\u00e9, ce 4 juin 2019, PDG du groupe bancaire en conseil de ministres.<\/p>\n<div class=\"c10\"\/>\n<p>Il succ\u00e8de ainsi \u00e0 Ahmed Rahhou, qui a \u00e9t\u00e9 nomm\u00e9 ambassadeur du Royaume du Maroc \u00e0 Bruxelles, il y a quelques mois. Le d\u00e9sormais ex num\u00e9ro 2 du groupe CIH Bank \u00e9tait notamment en charge du p\u00f4le \u00ab\u00a0Finances, Risques et Ressources\u00a0\u00bb de la banque, avant sa nomination en tant que <strong>Pr\u00e9sident Directeur G\u00e9n\u00e9ral<\/strong>.<\/p>\n<p>N\u00e9 \u00e0 Mekn\u00e8s en 1964, Lotfi Sekkat est ing\u00e9nieur dipl\u00f4m\u00e9 de l\u2019Ecole nationale sup\u00e9rieure d\u2019\u00e9lectronique, informatique et radio communications de Bordeaux. Il jouit de trente ans de carri\u00e8re dans le secteur bancaire et financier, dont 10 ans au sein de CIH Bank.<\/p>\n<p>Il aura notamment pour mission de poursuivre les chantiers de transformation de la banque lanc\u00e9s par <strong>Ahmed Rahhou<\/strong>.\u00a0Fin connaisseur de la maison, nul doute qu\u2019il a toutes les ressources et les qualit\u00e9s n\u00e9cessaires pour mener \u00e0 bien sa mission \u00e0 la t\u00eate du CIH Bank.<\/p>\n<div class=\"c17\">\n<fieldset class=\"c16\">\n<legend><strong><span class=\"c11\">Challenge<\/span><span class=\"c12\">news<\/span><\/strong><\/legend>\n<div class=\"c15\">Le meilleur de la r\u00e9daction s\u00e9lectionn\u00e9 par Challenge :<\/p>\n<\/div>\n<\/fieldset>\n<\/div>\n<p>Auteur: Roland Amoussou<br \/>\n<a href=\"https:\/\/www.challenge.ma\/il-fait-lactu-lotfi-sekkat-nouveau-pdg-du-cih-bank-110291\/\">Cliquez ici pour lire l&rsquo;article depuis sa source.<\/a><\/p>\n","protected":false},"excerpt":{"rendered":"<p>Belle promotion pour Lotfi Sekkat, Directeur g\u00e9n\u00e9ral de CIH Bank, qui a \u00e9t\u00e9 nomm\u00e9, ce 4 juin 2019, PDG du groupe bancaire en conseil de ministres. Il succ\u00e8de ainsi \u00e0 Ahmed Rahhou, qui a \u00e9t\u00e9 nomm\u00e9 ambassadeur du Royaume du Maroc \u00e0 Bruxelles, il y a quelques mois. Le d\u00e9sormais ex num\u00e9ro 2 du groupe [&hellip;]<\/p>\n","protected":false},"author":1787,"featured_media":0,"comment_status":"closed","ping_status":"closed","sticky":false,"template":"","format":"standard","meta":{"fifu_image_url":"","fifu_image_alt":"","footnotes":""},"categories":[78,54],"tags":[],"class_list":["post-38778","post","type-post","status-publish","format-standard","hentry","category-economie","category-maroc"],"_links":{"self":[{"href":"https:\/\/linitiative.ca\/International\/wp-json\/wp\/v2\/posts\/38778","targetHints":{"allow":["GET"]}}],"collection":[{"href":"https:\/\/linitiative.ca\/International\/wp-json\/wp\/v2\/posts"}],"about":[{"href":"https:\/\/linitiative.ca\/International\/wp-json\/wp\/v2\/types\/post"}],"author":[{"embeddable":true,"href":"https:\/\/linitiative.ca\/International\/wp-json\/wp\/v2\/users\/1787"}],"replies":[{"embeddable":true,"href":"https:\/\/linitiative.ca\/International\/wp-json\/wp\/v2\/comments?post=38778"}],"version-history":[{"count":0,"href":"https:\/\/linitiative.ca\/International\/wp-json\/wp\/v2\/posts\/38778\/revisions"}],"wp:attachment":[{"href":"https:\/\/linitiative.ca\/International\/wp-json\/wp\/v2\/media?parent=38778"}],"wp:term":[{"taxonomy":"category","embeddable":true,"href":"https:\/\/linitiative.ca\/International\/wp-json\/wp\/v2\/categories?post=38778"},{"taxonomy":"post_tag","embeddable":true,"href":"https:\/\/linitiative.ca\/International\/wp-json\/wp\/v2\/tags?post=38778"}],"curies":[{"name":"wp","href":"https:\/\/api.w.org\/{rel}","templated":true}]}}