{"id":38779,"date":"2019-06-05T01:00:58","date_gmt":"2019-06-05T05:00:58","guid":{"rendered":"https:\/\/linitiative.ca\/International\/meteo-previsions-pour-mercredi-05-juin-2019\/"},"modified":"2019-06-05T01:00:58","modified_gmt":"2019-06-05T05:00:58","slug":"meteo-previsions-pour-mercredi-05-juin-2019","status":"publish","type":"post","link":"https:\/\/linitiative.ca\/International\/meteo-previsions-pour-mercredi-05-juin-2019\/","title":{"rendered":"M\u00e9t\u00e9o: Pr\u00e9visions pour mercredi 05 juin 2019"},"content":{"rendered":"<div class=\"post-cont-in left relative\">\n<div class=\"swp_social_panel swp_horizontal_panel swp_flat_fresh swp_default_full_color swp_individual_full_color swp_other_full_color scale-100 scale-\" data-min-width=\"1100\" data-float-color=\"#ffffff\" data-float=\"none\" data-float-mobile=\"none\" data-transition=\"slide\">\n<div class=\"nc_tweetContainer swp_share_button total_shares total_sharesalt\"><span class=\"swp_count\">10 <span class=\"swp_label\">Partages<\/span><\/span><\/div>\n<\/div>\n<p>Le temps sera peu nuageux sur la plupart des r\u00e9gions puis ciel partiellement voil\u00e9 l\u2019apr\u00e8s-midi.<\/p>\n<p>Le vent sera de secteur Sud assez fort de 40 \u00e0 50 km\/h pr\u00e8s des c\u00f4tes et faible \u00e0 mod\u00e9r\u00e9 de 15 \u00e0 30 km\/h ailleurs puis tournant au secteur Ouest l\u2019apr\u00e8s-midi sur le nord.<\/p>\n<div class=\"code-block code-block-1 c3\"><ins class=\"adsbygoogle c2\" data-ad-layout=\"in-article\" data-ad-format=\"fluid\" data-ad-client=\"ca-pub-2102118777505746\" data-ad-slot=\"7301775417\"\/> <\/div>\n<p>La mer sera agit\u00e9e \u00e0 tr\u00e8s agit\u00e9e et les temp\u00e9ratures seront en hausse et les maximales seront comprises g\u00e9n\u00e9ralement entre 34 et 39\u00b0C et atteignant localement 41\u00b0C avec coups locaux de sirocco.<\/p>\n<div class=\"mvp-org-wrap mvp-org-logo\" itemprop=\"publisher\" itemscope=\"\" itemtype=\"https:\/\/schema.org\/Organization\"><img decoding=\"async\" src=\"https:\/\/www.tunisienumerique.com\/wp-content\/uploads\/2017\/02\/logo_tunisie_numerique.png\"\/><\/div>\n<div class=\"swp_social_panel swp_horizontal_panel swp_flat_fresh swp_default_full_color swp_individual_full_color swp_other_full_color scale-100 scale-\" data-min-width=\"1100\" data-float-color=\"#ffffff\" data-float=\"none\" data-float-mobile=\"none\" data-transition=\"slide\">\n<div class=\"nc_tweetContainer swp_share_button total_shares total_sharesalt\"><span class=\"swp_count\">10 <span class=\"swp_label\">Partages<\/span><\/span><\/div>\n<\/div>\n<div class=\"mvp-related-posts left relative\">\n<h4 class=\"post-header\"><span class=\"post-header\">Lire aussi<\/span><\/h4>\n<\/div>\n<\/div>\n<p>Auteur: Mourad S<br \/>\n<a href=\"https:\/\/www.tunisienumerique.com\/meteo-previsions-pour-mercredi-05-juin-2019\/\">Cliquez ici pour lire l&rsquo;article depuis sa source.<\/a><\/p>\n","protected":false},"excerpt":{"rendered":"<p>10 Partages Le temps sera peu nuageux sur la plupart des r\u00e9gions puis ciel partiellement voil\u00e9 l\u2019apr\u00e8s-midi. Le vent sera de secteur Sud assez fort de 40 \u00e0 50 km\/h pr\u00e8s des c\u00f4tes et faible \u00e0 mod\u00e9r\u00e9 de 15 \u00e0 30 km\/h ailleurs puis tournant au secteur Ouest l\u2019apr\u00e8s-midi sur le nord. La mer sera [&hellip;]<\/p>\n","protected":false},"author":1789,"featured_media":38781,"comment_status":"closed","ping_status":"closed","sticky":false,"template":"","format":"standard","meta":{"fifu_image_url":"","fifu_image_alt":"","footnotes":""},"categories":[73,55],"tags":[],"class_list":["post-38779","post","type-post","status-publish","format-standard","has-post-thumbnail","hentry","category-actualite","category-tunisie"],"_links":{"self":[{"href":"https:\/\/linitiative.ca\/International\/wp-json\/wp\/v2\/posts\/38779","targetHints":{"allow":["GET"]}}],"collection":[{"href":"https:\/\/linitiative.ca\/International\/wp-json\/wp\/v2\/posts"}],"about":[{"href":"https:\/\/linitiative.ca\/International\/wp-json\/wp\/v2\/types\/post"}],"author":[{"embeddable":true,"href":"https:\/\/linitiative.ca\/International\/wp-json\/wp\/v2\/users\/1789"}],"replies":[{"embeddable":true,"href":"https:\/\/linitiative.ca\/International\/wp-json\/wp\/v2\/comments?post=38779"}],"version-history":[{"count":0,"href":"https:\/\/linitiative.ca\/International\/wp-json\/wp\/v2\/posts\/38779\/revisions"}],"wp:featuredmedia":[{"embeddable":true,"href":"https:\/\/linitiative.ca\/International\/wp-json\/"}],"wp:attachment":[{"href":"https:\/\/linitiative.ca\/International\/wp-json\/wp\/v2\/media?parent=38779"}],"wp:term":[{"taxonomy":"category","embeddable":true,"href":"https:\/\/linitiative.ca\/International\/wp-json\/wp\/v2\/categories?post=38779"},{"taxonomy":"post_tag","embeddable":true,"href":"https:\/\/linitiative.ca\/International\/wp-json\/wp\/v2\/tags?post=38779"}],"curies":[{"name":"wp","href":"https:\/\/api.w.org\/{rel}","templated":true}]}}