{"id":38782,"date":"2019-06-05T08:18:05","date_gmt":"2019-06-05T12:18:05","guid":{"rendered":"https:\/\/linitiative.ca\/International\/ble-goude-affirme-avoir-des-ambitions-pour-diriger-un-jour-la-cote-divoire\/"},"modified":"2019-06-05T08:18:05","modified_gmt":"2019-06-05T12:18:05","slug":"ble-goude-affirme-avoir-des-ambitions-pour-diriger-un-jour-la-cote-divoire","status":"publish","type":"post","link":"https:\/\/linitiative.ca\/International\/ble-goude-affirme-avoir-des-ambitions-pour-diriger-un-jour-la-cote-divoire\/","title":{"rendered":"Bl\u00e9 Goud\u00e9 affirme avoir des ambitions pour diriger un jour la C\u00f4te d\u2019Ivoire"},"content":{"rendered":"<div readability=\"32\">\n<p>Publi\u00e9 le 05.06.2019 \u00e0 13h18 par APA News<\/p>\n<\/div>\n<div readability=\"103\">\n<p>L\u2019ancien ministre de la jeunesse de Laurent Gbagbo, par ailleurs ex- leader des \u00abjeunes patriotes\u00bb ivoiriens, Charles Bl\u00e9 Goud\u00e9, en libert\u00e9 conditionnelle au Pays-Bas, a affirm\u00e9 dans un entretien qu\u2019il a des ambitions pour \u00ab diriger un jour\u00bb la C\u00f4te d\u2019Ivoire, estimant qu\u2019il a une \u00ab offre politique \u00bb pour les ivoiriens.M. Bl\u00e9 s\u2019exprimait dans un entretien diffus\u00e9 mercredi sur les antennes de la t\u00e9l\u00e9vision internationale fran\u00e7aise France 24.<\/p>\n<p>\u00ab Je ne m\u2019en cache pas du tout. Oui, j\u2019ai des ambitions pour un jour, diriger mon pays avec une \u00e9quipe qui comprendra ou qui aura compris qu\u2019il faut faire la politique autrement en C\u00f4te d\u2019Ivoire. Nous avons une offre politique pour les ivoiriens\u00bb, a-t-il fait savoir sans pr\u00e9cision de date sur cette \u00e9ventuelle candidature pour diriger son pays.<\/p>\n<p>\u00ab On \u00a0ne fait pas tout dans la pr\u00e9cipitation au gr\u00e9 des ambitions. Aucune ambition politique n\u2019est au-dessus de la vie de la C\u00f4te d\u2019Ivoire et de tous ceux qui y vivent. Oui, je veux faire la politique dans le temps. Je veux prendre mon temps, je ne vais pas me pr\u00e9cipiter \u00bb, a indiqu\u00e9 l\u2019ancien pensionnaire de la prison de Scheveningen.<\/p>\n<p>Craignant des \u00ab intemp\u00e9ries politiques \u00bb en C\u00f4te d\u2019Ivoire, il a appel\u00e9 la classe politique ivoirienne \u00e0 l\u2019apaisement. \u00ab Il y a une mutation politique en C\u00f4te d\u2019Ivoire que l\u2019on refuse d\u2019accepter. Les cartes bougent, les lignes bougent\u2026 Pour moi, il va falloir que la classe politique prenne toute la mesure de sa responsabilit\u00e9 pour ne pas conduire la C\u00f4te d\u2019Ivoire dans une aventure sans issue. C\u2019est pourquoi, je voudrais appeler \u00e0 l\u2019apaisement \u00bb, a-t-il lanc\u00e9.<\/p>\n<p>Pour Charles Bl\u00e9 Goud\u00e9 qui a dit son souhait de regagner la C\u00f4te d\u2019Ivoire au terme de sa proc\u00e9dure judiciaire, l\u2019ancien pr\u00e9sident ivoirien, Laurent Gbagbo ( Son ex-co-d\u00e9tenu) doit lui aussi retourner en C\u00f4te d\u2019Ivoire.<\/p>\n<p>\u00a0\u00ab La place de Laurent Gbagbo, c\u2019est au milieu de son peuple. Il doit \u00eatre avec son peuple pour r\u00e9concilier les ivoiriens\u00bb, a-t-il estim\u00e9.<\/p>\n<p>Parlant dans la foul\u00e9e de Guillaume Soro, son ancien compagnon de la F\u00e9d\u00e9ration estudiantine et scolaire de C\u00f4te d\u2019Ivoire (FESCI, le plus grand syndicat estudiantin du pays), M. Bl\u00e9 a soutenu \u00ab qu\u2019on l\u2019aime ou pas, Guillaume Soro fait partie des hommes politiques de la C\u00f4te d\u2019Ivoire\u00bb.<\/p>\n<p>\u00ab Venons-en aux projets, venons-en \u00e0 l\u2019offre politique\u2026 J\u2019ai bien l\u2019impression qu\u2019en C\u00f4te d\u2019Ivoire, on manque d\u2019homme d\u2019\u00c9tat et qu\u2019on a \u00a0seulement que des hommes politiques qui ne pensent qu\u2019\u00e0 des \u00e9lections. Non, la vie de la C\u00f4te d\u2019Ivoire ne se limite pas \u00e0 des \u00e9lections. C\u2019est cela que ma g\u00e9n\u00e9ration et moi, nous voulons changer\u00bb, a-t-il conclu.<\/p>\n<p>Charles Bl\u00e9 Goud\u00e9 est en libert\u00e9 conditionnelle au Pays-Bas apr\u00e8s cinq ann\u00e9es de d\u00e9tention \u00e0 la Cour p\u00e9nale internationale (CPI). Lui et l\u2019ancien pr\u00e9sident ivoirien, Laurent Gbagbo \u00e9taient tous les deux accus\u00e9s de crimes contre l\u2019humanit\u00e9 commis pendant la crise post-\u00e9lectorale ivoirienne de 2010-2011. Mi-janvier 2019, la CPI a d\u00e9cid\u00e9 \u00ab l\u2019acquittement et la lib\u00e9ration imm\u00e9diate\u00bb pour les deux hommes apr\u00e8s plusieurs ann\u00e9es de d\u00e9tention.<\/p>\n<\/div>\n<p>Auteur: APA News<br \/>\n<a href=\"https:\/\/www.journalducameroun.com\/ble-goude-affirme-avoir-des-ambitions-pour-diriger-un-jour-la-cote-divoire\/\">Cliquez ici pour lire l&rsquo;article depuis sa source.<\/a><\/p>\n","protected":false},"excerpt":{"rendered":"<p>Publi\u00e9 le 05.06.2019 \u00e0 13h18 par APA News L\u2019ancien ministre de la jeunesse de Laurent Gbagbo, par ailleurs ex- leader des \u00abjeunes patriotes\u00bb ivoiriens, Charles Bl\u00e9 Goud\u00e9, en libert\u00e9 conditionnelle au Pays-Bas, a affirm\u00e9 dans un entretien qu\u2019il a des ambitions pour \u00ab diriger un jour\u00bb la C\u00f4te d\u2019Ivoire, estimant qu\u2019il a une \u00ab offre [&hellip;]<\/p>\n","protected":false},"author":1965,"featured_media":0,"comment_status":"closed","ping_status":"closed","sticky":false,"template":"","format":"standard","meta":{"fifu_image_url":"","fifu_image_alt":"","footnotes":""},"categories":[73,82],"tags":[],"class_list":["post-38782","post","type-post","status-publish","format-standard","hentry","category-actualite","category-cameroun"],"_links":{"self":[{"href":"https:\/\/linitiative.ca\/International\/wp-json\/wp\/v2\/posts\/38782","targetHints":{"allow":["GET"]}}],"collection":[{"href":"https:\/\/linitiative.ca\/International\/wp-json\/wp\/v2\/posts"}],"about":[{"href":"https:\/\/linitiative.ca\/International\/wp-json\/wp\/v2\/types\/post"}],"author":[{"embeddable":true,"href":"https:\/\/linitiative.ca\/International\/wp-json\/wp\/v2\/users\/1965"}],"replies":[{"embeddable":true,"href":"https:\/\/linitiative.ca\/International\/wp-json\/wp\/v2\/comments?post=38782"}],"version-history":[{"count":0,"href":"https:\/\/linitiative.ca\/International\/wp-json\/wp\/v2\/posts\/38782\/revisions"}],"wp:attachment":[{"href":"https:\/\/linitiative.ca\/International\/wp-json\/wp\/v2\/media?parent=38782"}],"wp:term":[{"taxonomy":"category","embeddable":true,"href":"https:\/\/linitiative.ca\/International\/wp-json\/wp\/v2\/categories?post=38782"},{"taxonomy":"post_tag","embeddable":true,"href":"https:\/\/linitiative.ca\/International\/wp-json\/wp\/v2\/tags?post=38782"}],"curies":[{"name":"wp","href":"https:\/\/api.w.org\/{rel}","templated":true}]}}