{"id":38784,"date":"2019-06-05T04:00:00","date_gmt":"2019-06-05T08:00:00","guid":{"rendered":"https:\/\/linitiative.ca\/International\/lincontournable-mister-kacem-40-ans-daffilee-a-la-mission-de-tunisie-aupres-de-lonu-a-new-york\/"},"modified":"2019-06-05T04:00:00","modified_gmt":"2019-06-05T08:00:00","slug":"lincontournable-mister-kacem-40-ans-daffilee-a-la-mission-de-tunisie-aupres-de-lonu-a-new-york","status":"publish","type":"post","link":"https:\/\/linitiative.ca\/International\/lincontournable-mister-kacem-40-ans-daffilee-a-la-mission-de-tunisie-aupres-de-lonu-a-new-york\/","title":{"rendered":"<div>L\u2019incontournable Mister Kacem : 40 ans d&rsquo;affil\u00e9e \u00e0 la mission de Tunisie aupr\u00e8s de l&rsquo;ONU \u00e0 New York<\/div>"},"content":{"rendered":"<p>Au 3e \u00e9tage de cette b\u00e2tisse qui, au 31 Beekman Place, abrite le si\u00e8ge de la mission tunisienne aupr\u00e8s de l\u2019ONU \u00e0 New York (NY), son bureau est \u00e0 la fois un passage oblig\u00e9 et un havre de paix o\u00f9 tous les probl\u00e8mes trouvent solution. Noureddine Kacem, qui a align\u00e9 jusqu\u2019\u00e0 fin 2015 quarante ann\u00e9es d\u2019affil\u00e9e au sein de la mission, en est \u00e0 la fois la m\u00e9moire vive et la cheville ouvri\u00e8re, en soutien \u00e0 toutes les \u00e9quipes. Charg\u00e9 du protocole, des relations publiques, de la coordination avec le secr\u00e9tariat g\u00e9n\u00e9ral de l\u2019ONU, mais aussi la mission permanente des Etats-Unis faisant fonction de branche du D\u00e9partement d\u2019Etat pour la gestion du cadre diplomatique accr\u00e9dit\u00e9 \u00e0 New York, il avait acc\u00e8s partout. En quarante ans de service \u00e0 la Mission, pas moins de quatorze ambassadeurs repr\u00e9sentants permanents (certains qui retournent pour une deuxi\u00e8me ou troisi\u00e8me affectation, quelques ann\u00e9es plus tard, comme Mahmoud Mestiri, Taieb Slim ou Ali Hachani) le retrouvent toujours fid\u00e8le au poste. Mais aussi, plusieurs dizaines de diplomates en poste et des milliers de visiteurs de tous rangs qu\u2019il a vus d\u00e9filer. Et sans doute apporter sa pr\u00e9cieuse assistance. Des formalit\u00e9s d\u2019accr\u00e9ditation \u00e0 l\u2019introduction dans les m\u00e9andres de l\u2019ONU, \u00e0 la pr\u00e9sentation aux acteurs significatifs, c\u2019est Mister Kacem, comme on l\u2019appelle partout, qui d\u00e9bloque les situations, guide dans les entrailles de l\u2019ONU, mais aussi \u00e0 New York, fait les pr\u00e9sentations et r\u00e8gle tout.<\/p>\n<h2>Gr\u00e2ce \u00e0 un vaste r\u00e9seau d\u2019amis<\/h2>\n<p>G\u00e9n\u00e9ralement, le minist\u00e8re des Affaires \u00e9trang\u00e8res s\u00e9lectionne de jeunes diplomates prometteurs qu\u2019il envoie en poste \u00e0 New York pour renforcer le staff. Ce passage fort instructif d\u00e9terminera leur carri\u00e8re et la plupart d\u2019entre eux seront quelques ann\u00e9es plus tard nomm\u00e9s ambassadeurs. La liste est bien longue. S\u2019ils expriment reconnaissance et gratitude \u00e0 leurs ambassadeurs, ils ne sauraient omettre l\u2019amiti\u00e9 et la disponibilit\u00e9 que leur avait t\u00e9moign\u00e9 (et continue aujourd\u2019hui encore) Noureddine Kacem, qui les avait chaperonn\u00e9s \u00e0 NY.<\/p>\n<p>Assembl\u00e9e g\u00e9n\u00e9rale annuelle et grandes conf\u00e9rences, affluence des d\u00e9l\u00e9gations tunisiennes conduites souvent par le ministre des Affaires \u00e9trang\u00e8res, lorsque ce n\u2019est pas le chef de l\u2019Etat lui-m\u00eame. Imaginez alors tout le travail que cela repr\u00e9sente. Et surtout des situations de derni\u00e8re minute, souvent inextricables. Mais, Noureddine Kacem sait s\u2019y prendre et surtout compter sur ses nombreux amis, un peu partout plac\u00e9s.<\/p>\n<p class=\"c2\"><img loading=\"lazy\" decoding=\"async\" src=\"\/uploads\/FCK_files\/Nation%20Unies%205.jpg\" alt=\"\" width=\"700\" vspace=\"5\" align=\"middle\" hspace=\"5\" height=\"482\"\/><\/p>\n<p>Comment avait-il fait pour d\u00e9barquer \u00e0 New York? A la nage, sourit-il. De son \u00eele natale, Kerkennah, il a toujours aim\u00e9 prendre le large et aller loin. F\u00e9ru de relations internationales et de diplomatie, il mettra le cap, dans les ann\u00e9es 70, sur les Etats-Unis et parviendra \u00e0 rejoindre la mission tunisienne aupr\u00e8s de l\u2019ONU. A l\u2019\u00e9poque, l\u2019ambassadeur \u00e9tait Rachid Driss (qui avait \u00e9t\u00e9 en poste \u00e0 Washington de 1964 \u00e0 1969). C\u2019est aupr\u00e8s de lui qu\u2019il fera ses premi\u00e8res armes, \u00e0 la bonne \u00e9cole. Parti pour quelques ann\u00e9es, Noureddine Kacem restera 40 ans. Sans rel\u00e2che, scotch\u00e9 par NY, enthousiasm\u00e9 par les rebondissements \u00e0 l\u2019ONU, m\u00fb par l\u2019id\u00e9al de servir la Patrie.<\/p>\n<h2>Comment loger Arafat que tous les h\u00f4tels refusaient d\u2019h\u00e9berger<\/h2>\n<p>L\u2019actualit\u00e9 br\u00fblante ne manque pas et il en sera bien servi. Les premi\u00e8res ann\u00e9es de la Chine apr\u00e8s son admission le 25 octobre 1971 \u00e0 l\u2019ONU, le discours historique de Yasser Arafat le 13 novembre 1974, la prise d\u2019otages am\u00e9ricains \u00e0 T\u00e9h\u00e9ran (du 4 novembre 1979 au 20 janvier 1981), la guerre d\u2019Irak, l\u2019invasion du Kowe\u00eft le 2 ao\u00fbt 1990 et tant d\u2019autres moments chauds trouvent leur pleine r\u00e9sonance dans la Maison de verre. Sans oublier les \u00e9v\u00e8nements en Tunisie, notamment l\u2019attaque isra\u00e9lienne contre Hammam-Chatt (1985) ou l\u2019assassinat d\u2019Abou Jihad (1988). La visite d\u2019Arafat \u00e0 l\u2019ONU (1974) n\u2019\u00e9tait pas facile \u00e0 monter. Nabil Chaath devait arriver le premier en pr\u00e9curseur. Porteur d\u2019un passeport diplomatique tunisien, c\u2019\u00e9tait \u00e0 Noureddine Kacem d\u2019aller l\u2019accueillir \u00e0 l\u2019a\u00e9roport, puis de r\u00e9gler nombre de questions d\u2019intendance, \u00e0 commencer par l\u2019h\u00e9bergement du leader palestinien et de sa d\u00e9l\u00e9gation. Aucun h\u00f4tel ne voulait les accueillir, arguant des raisons s\u00e9curitaires. Accord fut alors trouv\u00e9 pour am\u00e9nager un espace sp\u00e9cial pour eux dans les locaux de l\u2019ONU et les y h\u00e9berger.<\/p>\n<p>Le 11 septembre 2001 sera une journ\u00e9e particuli\u00e8re pour Noureddine Kacem. En sortant de sa maison \u00e0 Manhattan, il avait vu le maire de New York, Rudy Giuliani, qui habitait dans les parages, quitter pr\u00e9cipitamment son domicile, l\u2019air affol\u00e9. En ouvrant la radio de la voiture, il entendit la triste nouvelle. Plusieurs mois apr\u00e8s, se rendant \u00e0 l\u2019emplacement des tours d\u00e9truites du World Trade Center, il \u00e9tait surpris de constater que des nuages de cendre continuaient \u00e0 se poser sur les toits des voitures&#8230;<\/p>\n<h2>Le sens du protocole et la passion des collections<\/h2>\n<p>Drap\u00e9 dans son beau costume crois\u00e9 (dont il poss\u00e8de toute une collection), portant \u00e9l\u00e9gant, Noureddine Kacem arbore toujours un large sourire. \u00abC\u2019est son arme secr\u00e8te pour faire ouvrir les portes les plus infranchissables, nous confie un de ses coll\u00e8gues. Il est tellement impr\u00e9gn\u00e9 du protocole qu\u2019il veille \u00e0 se tenir toujours droit, adopter une d\u00e9marche cadenc\u00e9e, et avoir sur le bout de la langue le bon mot \u00e0 prononcer. Et alors tout devient possible!\u00bb<\/p>\n<p>Son jardin secret: sa collection de documents qu\u2019il conservait pr\u00e9cieusement dans sa maison \u00e0 New York et qu\u2019il vient d\u2019emmener \u00e0 Tunis. \u00abIl ne jetait rien \u00e0 la poubelle, conservait tout: cartes de visite, cartes de menu, lettre personnelle \u00e0 un article de presse, invitation \u00e0 un document\u2026 Mais, ce qu\u2019il conserve le plus, c\u2019est l\u2019amiti\u00e9.\u00bb<\/p>\n<p class=\"c2\"><a href=\"https:\/\/www.leaders.com.tn\/le_mensuel_abonnez_vous\" target=\"_blank\" rel=\"noopener noreferrer\"><img loading=\"lazy\" decoding=\"async\" src=\"\/uploads\/FCK_files\/Bandeau-Leaders-1-copie(20).jpg\" alt=\"\" width=\"500\" vspace=\"5\" align=\"middle\" hspace=\"5\" height=\"128\"\/><\/a><\/p>\n<p>Auteur:<br \/>\n<a href=\"https:\/\/www.leaders.com.tn\/article\/27209-l-incontournable-mister-kacem\">Cliquez ici pour lire l&rsquo;article depuis sa source.<\/a><\/p>\n","protected":false},"excerpt":{"rendered":"<p>Au 3e \u00e9tage de cette b\u00e2tisse qui, au 31 Beekman Place, abrite le si\u00e8ge de la mission tunisienne aupr\u00e8s de l\u2019ONU \u00e0 New York (NY), son bureau est \u00e0 la fois un passage oblig\u00e9 et un havre de paix o\u00f9 tous les probl\u00e8mes trouvent solution. Noureddine Kacem, qui a align\u00e9 jusqu\u2019\u00e0 fin 2015 quarante ann\u00e9es [&hellip;]<\/p>\n","protected":false},"author":1772,"featured_media":38790,"comment_status":"closed","ping_status":"closed","sticky":false,"template":"","format":"standard","meta":{"fifu_image_url":"","fifu_image_alt":"","footnotes":""},"categories":[73,55],"tags":[],"class_list":["post-38784","post","type-post","status-publish","format-standard","has-post-thumbnail","hentry","category-actualite","category-tunisie"],"_links":{"self":[{"href":"https:\/\/linitiative.ca\/International\/wp-json\/wp\/v2\/posts\/38784","targetHints":{"allow":["GET"]}}],"collection":[{"href":"https:\/\/linitiative.ca\/International\/wp-json\/wp\/v2\/posts"}],"about":[{"href":"https:\/\/linitiative.ca\/International\/wp-json\/wp\/v2\/types\/post"}],"author":[{"embeddable":true,"href":"https:\/\/linitiative.ca\/International\/wp-json\/wp\/v2\/users\/1772"}],"replies":[{"embeddable":true,"href":"https:\/\/linitiative.ca\/International\/wp-json\/wp\/v2\/comments?post=38784"}],"version-history":[{"count":0,"href":"https:\/\/linitiative.ca\/International\/wp-json\/wp\/v2\/posts\/38784\/revisions"}],"wp:featuredmedia":[{"embeddable":true,"href":"https:\/\/linitiative.ca\/International\/wp-json\/"}],"wp:attachment":[{"href":"https:\/\/linitiative.ca\/International\/wp-json\/wp\/v2\/media?parent=38784"}],"wp:term":[{"taxonomy":"category","embeddable":true,"href":"https:\/\/linitiative.ca\/International\/wp-json\/wp\/v2\/categories?post=38784"},{"taxonomy":"post_tag","embeddable":true,"href":"https:\/\/linitiative.ca\/International\/wp-json\/wp\/v2\/tags?post=38784"}],"curies":[{"name":"wp","href":"https:\/\/api.w.org\/{rel}","templated":true}]}}