{"id":38786,"date":"2019-06-05T05:00:10","date_gmt":"2019-06-05T09:00:10","guid":{"rendered":"https:\/\/linitiative.ca\/International\/marrakech-safi-une-federation-regionale-du-tourisme-voit-le-jour\/"},"modified":"2019-06-05T05:00:10","modified_gmt":"2019-06-05T09:00:10","slug":"marrakech-safi-une-federation-regionale-du-tourisme-voit-le-jour","status":"publish","type":"post","link":"https:\/\/linitiative.ca\/International\/marrakech-safi-une-federation-regionale-du-tourisme-voit-le-jour\/","title":{"rendered":"Marrakech-Safi :  Une F\u00e9d\u00e9ration r\u00e9gionale  du tourisme voit le jour"},"content":{"rendered":"<header>\n<\/header>\n<div class=\"entry-content clearfix\" readability=\"55\"><img decoding=\"async\" class=\"post_layout_5_img\" src=\"http:\/\/aujourdhui.ma\/wp-content\/uploads\/2018\/08\/Marrakech-Tourisme.jpg?x29840\" alt=\"Marrakech-Safi : Une F\u00e9d\u00e9ration r\u00e9gionale du tourisme voit le jour\"\/><\/p>\n<p class=\"p3\"><span class=\"s3\"><span class=\"c4\"><strong>La F\u00e9d\u00e9ration r\u00e9gionale du tourisme de la R\u00e9gion Marrakech-Safi (FRT MS) a \u00e9t\u00e9 cr\u00e9\u00e9e r\u00e9cemment, dans la cit\u00e9 ocre, lors d\u2019une rencontre marqu\u00e9e par la participation d\u2019une centaine de repr\u00e9sentants des F\u00e9d\u00e9rations m\u00e9tiers et des Associations r\u00e9gionales du tourisme.<\/strong><\/span><\/span> <span id=\"more-312429\"\/><\/p>\n<p class=\"p3\"><span class=\"s3\">Cette d\u00e9marche, initi\u00e9e par la Conf\u00e9d\u00e9ration nationale du tourisme (CNT), s\u2019inscrit dans le cadre de la mise en \u0153uvre effective de la politique de la r\u00e9gionalisation avanc\u00e9e, conform\u00e9ment aux Hautes directives royales.<\/span><\/p>\n<p class=\"p3\"><span class=\"s3\">La CNT entame ainsi la concr\u00e9tisation de l\u2019un de ses engagements majeurs en mati\u00e8re de r\u00e9forme de la gouvernance du secteur, \u00e0 savoir la cr\u00e9ation de F\u00e9d\u00e9rations r\u00e9gionales du tourisme. Ces f\u00e9d\u00e9rations permettront \u00e0 la CNT de disposer d\u2019un relais r\u00e9gional repr\u00e9sentatif des professionnels et de prioriser le secteur au niveau r\u00e9gional puis national.<\/span><\/p>\n<p class=\"p3\"><span class=\"s3\">Les F\u00e9d\u00e9rations r\u00e9gionales du tourisme sont constitu\u00e9es des diff\u00e9rentes associations professionnelles r\u00e9gionales, afin notamment de faciliter la communication entre les diff\u00e9rents acteurs, mutualiser les moyens des professionnels et renforcer les actions au niveau r\u00e9gional.<\/span><\/p>\n<\/div>\n<p>Auteur: ALM<br \/>\n<a href=\"http:\/\/aujourdhui.ma\/economie\/marrakech-safi-une-federation-regionale-du-tourisme-voit-le-jour\">Cliquez ici pour lire l&rsquo;article depuis sa source.<\/a><\/p>\n","protected":false},"excerpt":{"rendered":"<p>La F\u00e9d\u00e9ration r\u00e9gionale du tourisme de la R\u00e9gion Marrakech-Safi (FRT MS) a \u00e9t\u00e9 cr\u00e9\u00e9e r\u00e9cemment, dans la cit\u00e9 ocre, lors d\u2019une rencontre marqu\u00e9e par la participation d\u2019une centaine de repr\u00e9sentants des F\u00e9d\u00e9rations m\u00e9tiers et des Associations r\u00e9gionales du tourisme. Cette d\u00e9marche, initi\u00e9e par la Conf\u00e9d\u00e9ration nationale du tourisme (CNT), s\u2019inscrit dans le cadre de la [&hellip;]<\/p>\n","protected":false},"author":1759,"featured_media":0,"comment_status":"closed","ping_status":"closed","sticky":false,"template":"","format":"standard","meta":{"fifu_image_url":"","fifu_image_alt":"","footnotes":""},"categories":[73,54],"tags":[],"class_list":["post-38786","post","type-post","status-publish","format-standard","hentry","category-actualite","category-maroc"],"_links":{"self":[{"href":"https:\/\/linitiative.ca\/International\/wp-json\/wp\/v2\/posts\/38786","targetHints":{"allow":["GET"]}}],"collection":[{"href":"https:\/\/linitiative.ca\/International\/wp-json\/wp\/v2\/posts"}],"about":[{"href":"https:\/\/linitiative.ca\/International\/wp-json\/wp\/v2\/types\/post"}],"author":[{"embeddable":true,"href":"https:\/\/linitiative.ca\/International\/wp-json\/wp\/v2\/users\/1759"}],"replies":[{"embeddable":true,"href":"https:\/\/linitiative.ca\/International\/wp-json\/wp\/v2\/comments?post=38786"}],"version-history":[{"count":0,"href":"https:\/\/linitiative.ca\/International\/wp-json\/wp\/v2\/posts\/38786\/revisions"}],"wp:attachment":[{"href":"https:\/\/linitiative.ca\/International\/wp-json\/wp\/v2\/media?parent=38786"}],"wp:term":[{"taxonomy":"category","embeddable":true,"href":"https:\/\/linitiative.ca\/International\/wp-json\/wp\/v2\/categories?post=38786"},{"taxonomy":"post_tag","embeddable":true,"href":"https:\/\/linitiative.ca\/International\/wp-json\/wp\/v2\/tags?post=38786"}],"curies":[{"name":"wp","href":"https:\/\/api.w.org\/{rel}","templated":true}]}}