{"id":38788,"date":"2019-06-05T05:01:17","date_gmt":"2019-06-05T09:01:17","guid":{"rendered":"https:\/\/linitiative.ca\/International\/festival-maghrebin-du-film-doujda-la-8eme-edition-devoile-sa-programmation-filmique\/"},"modified":"2019-06-05T05:01:17","modified_gmt":"2019-06-05T09:01:17","slug":"festival-maghrebin-du-film-doujda-la-8eme-edition-devoile-sa-programmation-filmique","status":"publish","type":"post","link":"https:\/\/linitiative.ca\/International\/festival-maghrebin-du-film-doujda-la-8eme-edition-devoile-sa-programmation-filmique\/","title":{"rendered":"Festival maghr\u00e9bin du film d\u2019Oujda : La 8\u00e8me \u00e9dition d\u00e9voile  sa programmation filmique"},"content":{"rendered":"<header>\n<\/header>\n<div class=\"entry-content clearfix\" readability=\"66\"><img decoding=\"async\" class=\"post_layout_5_img\" src=\"http:\/\/aujourdhui.ma\/wp-content\/uploads\/2019\/06\/Festival-maghre%CC%81bin-du-film-d%E2%80%99Oujda.jpg?x29840\" alt=\"Festival maghr\u00e9bin du film d\u2019Oujda : La 8\u00e8me \u00e9dition d\u00e9voile sa programmation filmique\"\/><\/p>\n<p class=\"p1\"><span class=\"c4\"><strong><span class=\"s1\"><em>C\u2019est le film \u00abSalima\u00bb\u00a0<\/em><\/span><span class=\"s1\"><em>de son r\u00e9alisateur\u00a0<\/em><\/span><span class=\"s1\"><em>Mo Dabani qui ouvrira le bal le 12 juin dans la cat\u00e9gorie hors comp\u00e9tition.<\/em><\/span><\/strong><\/span><span id=\"more-312389\"\/><\/p>\n<p class=\"p1\"><span class=\"s1\">Le 8\u00e8me Festival maghr\u00e9bin du film d\u2019Oujda, qui se tiendra sous le Haut patronage de SM le Roi Mohammed VI du 11 au 15 juin, vient de d\u00e9voiler la programmation des films qui seront projet\u00e9s. C\u2019est le film \u00abSalima\u00bb de son r\u00e9alisateur Mo Dabani qui ouvrira le bal le 12 juin dans la cat\u00e9gorie hors comp\u00e9tition. Il sera suivi des courts-m\u00e9trages \u00abBrotherhood\u00bb de sa r\u00e9alisatrice tunisienne Meryem Joober, \u00abSouda\u00bb de la r\u00e9alisatrice mauritanienne Amal Saad Bouh, \u00abLe chant du Cygne\u00bb<span class=\"Apple-converted-space\">\u00a0<\/span> du r\u00e9alisateur marocain Yazid El Kadiri et \u00abPoint Z\u00e9ro\u00bb du r\u00e9alisateur alg\u00e9rien Nassim Boumaiza. La projection des longs-m\u00e9trages \u00abReconnaissance\u00bb du r\u00e9alisateur alg\u00e9rien Salim Hamdi et \u00abCri de l\u2019\u00e2me\u00bb du r\u00e9alisateur marocain Abdelilah El Jaouhari est \u00e9galement pr\u00e9vue le m\u00eame jour. Le lendemain, le film \u00abVers l\u2019inconnu\u00bb, r\u00e9alis\u00e9 par Bilal Touil, sera projet\u00e9 hors comp\u00e9tition. Il sera suivi des courts-m\u00e9trages \u00abSynapse\u00bb du r\u00e9alisateur alg\u00e9rien Noureddine Zerrouki, \u00abHouria\u00bb du r\u00e9alisateur marocain Oussama Azzi, \u00abGauche Droite\u00bb du r\u00e9alisateur tunisien Moutii Dridi et \u00abAngoisse\u00bb du r\u00e9alisateur marocain Ali Benjelloun.<\/span><\/p>\n<p class=\"p1\"><span class=\"s1\">Dans la cat\u00e9gorie long m\u00e9trage ce sont les films \u00abLa voix des anges\u00bb du r\u00e9alisateur alg\u00e9rien Kamal Laiche et \u00abUne urgence ordinaire\u00bb du r\u00e9alisateur marocain Mohsine Besri, qui seront projet\u00e9s le m\u00eame jour. Le 14 juin, le film \u00abFlash Back\u00bb r\u00e9alis\u00e9 par Lakhdar Hamdaoui est programm\u00e9 dans la cat\u00e9gorie hors comp\u00e9tition. Il sera suivi des courts-m\u00e9trages \u00abAinsi soit-il\u00bb du r\u00e9alisateur alg\u00e9rien Youcef Mahsas, \u00abCandidats au suicide\u00bb du r\u00e9alisateur marocain Hamza Atifi, \u00abUn philosophe\u00bb du r\u00e9alisateur marocain Abdellatif Fdil et \u00abGhost Reveries\u00bb de la r\u00e9alisatrice tunisienne Safa Ghali. Dans la cat\u00e9gorie des longs-m\u00e9trages, le film \u00abFatwa\u00bb du r\u00e9alisateur tunisien Mahmoud Ben Mahmoud sera entre-temps projet\u00e9. Quant au long m\u00e9trage \u00abPortfarina\u00bb du r\u00e9alisateur tunisien Ibrahim Letaief, il sera projet\u00e9 en dernier. L\u2019ensemble de ces projections aura lieu au Th\u00e9\u00e2tre Mohammed VI.<\/span><\/p>\n<p class=\"p1\"><span class=\"s1\">Pour rappel, le jury pr\u00e9sid\u00e9 par le critique de cin\u00e9ma et professeur universitaire alg\u00e9rien Ahmed El Bejaoui aura la lourde t\u00e2che de d\u00e9partager les films participant \u00e0 la comp\u00e9tition officielle. Le jury rassemble \u00e9galement l\u2019\u00e9minent sc\u00e9nariste, cin\u00e9aste et producteur marocain Hassan Benjelloun. A son tour, la grande sociologue marocaine A\u00efcha Belarbi fait partie de cette formation qui comprend \u00e9galement la productrice tunisienne Salma Bekkar et le r\u00e9alisateur mauritanien Abderrahmane Lahi.<\/span><\/p>\n<\/div>\n<p>Auteur: ALM<br \/>\n<a href=\"http:\/\/aujourdhui.ma\/culture\/cinema\/festival-maghrebin-du-film-doujda-la-8eme-edition-devoile-sa-programmation-filmique\">Cliquez ici pour lire l&rsquo;article depuis sa source.<\/a><\/p>\n","protected":false},"excerpt":{"rendered":"<p>C\u2019est le film \u00abSalima\u00bb\u00a0de son r\u00e9alisateur\u00a0Mo Dabani qui ouvrira le bal le 12 juin dans la cat\u00e9gorie hors comp\u00e9tition. Le 8\u00e8me Festival maghr\u00e9bin du film d\u2019Oujda, qui se tiendra sous le Haut patronage de SM le Roi Mohammed VI du 11 au 15 juin, vient de d\u00e9voiler la programmation des films qui seront projet\u00e9s. C\u2019est [&hellip;]<\/p>\n","protected":false},"author":1759,"featured_media":0,"comment_status":"closed","ping_status":"closed","sticky":false,"template":"","format":"standard","meta":{"fifu_image_url":"","fifu_image_alt":"","footnotes":""},"categories":[73,54],"tags":[],"class_list":["post-38788","post","type-post","status-publish","format-standard","hentry","category-actualite","category-maroc"],"_links":{"self":[{"href":"https:\/\/linitiative.ca\/International\/wp-json\/wp\/v2\/posts\/38788","targetHints":{"allow":["GET"]}}],"collection":[{"href":"https:\/\/linitiative.ca\/International\/wp-json\/wp\/v2\/posts"}],"about":[{"href":"https:\/\/linitiative.ca\/International\/wp-json\/wp\/v2\/types\/post"}],"author":[{"embeddable":true,"href":"https:\/\/linitiative.ca\/International\/wp-json\/wp\/v2\/users\/1759"}],"replies":[{"embeddable":true,"href":"https:\/\/linitiative.ca\/International\/wp-json\/wp\/v2\/comments?post=38788"}],"version-history":[{"count":0,"href":"https:\/\/linitiative.ca\/International\/wp-json\/wp\/v2\/posts\/38788\/revisions"}],"wp:attachment":[{"href":"https:\/\/linitiative.ca\/International\/wp-json\/wp\/v2\/media?parent=38788"}],"wp:term":[{"taxonomy":"category","embeddable":true,"href":"https:\/\/linitiative.ca\/International\/wp-json\/wp\/v2\/categories?post=38788"},{"taxonomy":"post_tag","embeddable":true,"href":"https:\/\/linitiative.ca\/International\/wp-json\/wp\/v2\/tags?post=38788"}],"curies":[{"name":"wp","href":"https:\/\/api.w.org\/{rel}","templated":true}]}}