{"id":38792,"date":"2019-06-05T05:03:15","date_gmt":"2019-06-05T09:03:15","guid":{"rendered":"https:\/\/linitiative.ca\/International\/piae-distribution-de-3-mdh-de-materiels-au-profit-des-porteurs-de-projets-a-agadir\/"},"modified":"2019-06-05T05:03:15","modified_gmt":"2019-06-05T09:03:15","slug":"piae-distribution-de-3-mdh-de-materiels-au-profit-des-porteurs-de-projets-a-agadir","status":"publish","type":"post","link":"https:\/\/linitiative.ca\/International\/piae-distribution-de-3-mdh-de-materiels-au-profit-des-porteurs-de-projets-a-agadir\/","title":{"rendered":"PIAE : Distribution de 3 MDH de mat\u00e9riels au profit  des porteurs de projets \u00e0 Agadir"},"content":{"rendered":"<p><img decoding=\"async\" class=\"post_layout_5_img\" src=\"http:\/\/aujourdhui.ma\/wp-content\/uploads\/2019\/06\/La-Fondation-Mohammed-V-pour-la-solidarite%CC%81-PIAE.jpg?x29840\" alt=\"PIAE : Distribution de 3 MDH de mat\u00e9riels au profit des porteurs de projets \u00e0 Agadir\"\/><\/p>\n<p class=\"p1\"><span class=\"c4\"><strong><span class=\"s1\">La Fondation Mohammed V pour la solidarit\u00e9 a organis\u00e9 r\u00e9cemment \u00e0 Agadir une op\u00e9ration de distribution d\u2019\u00e9quipements \u00e0 des porteurs de projets inscrits au programme d\u2019insertion par les activit\u00e9s \u00e9conomiques (PIAE), pour une valeur globale de plus de 3 millions de dirhams.<\/span><\/strong><\/span><span id=\"more-312475\"\/><\/p>\n<p class=\"p1\"><span class=\"s1\">Pr\u00e9sid\u00e9e par Ahmed Hajji, wali de la r\u00e9gion, et Brahim Hafidi, pr\u00e9sident du Conseil r\u00e9gional Souss-Massa, cette op\u00e9ration vient pour encourager l\u2019auto-emploi et l\u2019esprit d\u2019entrepreneuriat chez les jeunes de la r\u00e9gion, et favoriser l\u2019int\u00e9gration et l\u2019insertion des jeunes dans le tissu \u00e9conomique national \u00e0 travers des projets g\u00e9n\u00e9rateurs de revenus.<\/span><\/p>\n<p class=\"p1\"><span class=\"s1\">Outre la distribution d\u2019\u00e9quipements, ces jeunes ont d\u00e9j\u00e0 b\u00e9n\u00e9fici\u00e9 de formations pr\u00e9-cr\u00e9ation transverses portant essentiellement sur l\u2019\u00e9laboration des business plans. L\u2019objectif \u00e9tant d\u2019aider ces porteurs de projets \u00e0 \u00e9valuer la rentabilit\u00e9 de leur id\u00e9e de business et savoir \u00eatre objectif sur leur faisabilit\u00e9.<\/span><\/p>\n<p class=\"p1\"><span class=\"s1\">En effet, cette op\u00e9ration s\u2019articule autour de la promotion de l\u2019employabilit\u00e9 et l\u2019insertion \u00e9conomique des jeunes, \u00e0 travers le d\u00e9veloppement de l\u2019\u00e9cosyst\u00e8me entrepreneurial et du soutien \u00e0 la cr\u00e9ation d\u2019opportunit\u00e9s d\u2019entrepreneuriat pour les jeunes dans les domaines aux cha\u00eenes de valeur \u00e0 fort potentiel d\u2019emploi.<\/span><\/p>\n<p class=\"p1\"><span class=\"s1\">Destin\u00e9 \u00e0 encourager l\u2019esprit entrepreneurial au niveau national et \u00e0 favoriser la p\u00e9rennit\u00e9 et la rentabilit\u00e9 des micro-projets g\u00e9n\u00e9rateurs de revenus, ce programme pr\u00e9voit des m\u00e9canismes d\u2019accompagnement des porteurs de projets et de suivi en pr\u00e9 et post-cr\u00e9ation. Ce programme, qui vise la lutte contre la pauvret\u00e9, a permis \u00e0 l\u2019\u00e9chelle du Royaume le financement de 167 micro-projets en 2017 et 305 projets en 2018. Dans une allocution \u00e0 l\u2019occasion, les initiateurs de cette op\u00e9ration ont mis l\u2019accent sur les objectifs du programme et ses dimensions socio-\u00e9conomiques qui s\u2019inscrivent dans le cadre des Hautes orientations royales. Selon eux, cette initiative vise notamment \u00e0 contribuer au processus de d\u00e9veloppement du Royaume \u00e0 travers l\u2019encouragement de nouvelles initiatives \u00e0 m\u00eame de favoriser l\u2019auto-emploi des jeunes et femmes dans le but de contribuer \u00e0 la lutte contre l\u2019exclusion sociale des jeunes par la promotion de l\u2019auto-emploi et leur insertion et autonomie \u00e9conomique.<br \/>Notons que la Fondation Mohammed V pour la solidarit\u00e9 s\u2019est donn\u00e9 pour mission, depuis sa cr\u00e9ation en 1999, de contribuer \u00e0 la lutte contre toutes les formes de pr\u00e9carit\u00e9 sous la devise \u00abUnis pour aider les d\u00e9munis\u00bb. La Fondation a r\u00e9alis\u00e9 une s\u00e9rie de programmes g\u00e9n\u00e9rateurs de revenus qui poursuivent un double objectif : g\u00e9n\u00e9rer des revenus durables aux b\u00e9n\u00e9ficiaires et promouvoir les produits locaux des r\u00e9gions cibl\u00e9es. Tous ces programmes sont consolid\u00e9s par une formation appropri\u00e9e encadr\u00e9e par des professionnels.<\/span><\/p>\n<p>Auteur: ALM<br \/>\n<a href=\"http:\/\/aujourdhui.ma\/economie\/piae-distribution-de-3-mdh-de-materiels-au-profit-des-porteurs-de-projets-a-agadir\">Cliquez ici pour lire l&rsquo;article depuis sa source.<\/a><\/p>\n","protected":false},"excerpt":{"rendered":"<p>La Fondation Mohammed V pour la solidarit\u00e9 a organis\u00e9 r\u00e9cemment \u00e0 Agadir une op\u00e9ration de distribution d\u2019\u00e9quipements \u00e0 des porteurs de projets inscrits au programme d\u2019insertion par les activit\u00e9s \u00e9conomiques (PIAE), pour une valeur globale de plus de 3 millions de dirhams. Pr\u00e9sid\u00e9e par Ahmed Hajji, wali de la r\u00e9gion, et Brahim Hafidi, pr\u00e9sident du [&hellip;]<\/p>\n","protected":false},"author":1759,"featured_media":0,"comment_status":"closed","ping_status":"closed","sticky":false,"template":"","format":"standard","meta":{"fifu_image_url":"","fifu_image_alt":"","footnotes":""},"categories":[73,54],"tags":[],"class_list":["post-38792","post","type-post","status-publish","format-standard","hentry","category-actualite","category-maroc"],"_links":{"self":[{"href":"https:\/\/linitiative.ca\/International\/wp-json\/wp\/v2\/posts\/38792","targetHints":{"allow":["GET"]}}],"collection":[{"href":"https:\/\/linitiative.ca\/International\/wp-json\/wp\/v2\/posts"}],"about":[{"href":"https:\/\/linitiative.ca\/International\/wp-json\/wp\/v2\/types\/post"}],"author":[{"embeddable":true,"href":"https:\/\/linitiative.ca\/International\/wp-json\/wp\/v2\/users\/1759"}],"replies":[{"embeddable":true,"href":"https:\/\/linitiative.ca\/International\/wp-json\/wp\/v2\/comments?post=38792"}],"version-history":[{"count":0,"href":"https:\/\/linitiative.ca\/International\/wp-json\/wp\/v2\/posts\/38792\/revisions"}],"wp:attachment":[{"href":"https:\/\/linitiative.ca\/International\/wp-json\/wp\/v2\/media?parent=38792"}],"wp:term":[{"taxonomy":"category","embeddable":true,"href":"https:\/\/linitiative.ca\/International\/wp-json\/wp\/v2\/categories?post=38792"},{"taxonomy":"post_tag","embeddable":true,"href":"https:\/\/linitiative.ca\/International\/wp-json\/wp\/v2\/tags?post=38792"}],"curies":[{"name":"wp","href":"https:\/\/api.w.org\/{rel}","templated":true}]}}