{"id":38796,"date":"2019-06-05T05:05:12","date_gmt":"2019-06-05T09:05:12","guid":{"rendered":"https:\/\/linitiative.ca\/International\/concert-du-groupe-revolver-au-theatre-national-mohammed-v\/"},"modified":"2019-06-05T05:05:12","modified_gmt":"2019-06-05T09:05:12","slug":"concert-du-groupe-revolver-au-theatre-national-mohammed-v","status":"publish","type":"post","link":"https:\/\/linitiative.ca\/International\/concert-du-groupe-revolver-au-theatre-national-mohammed-v\/","title":{"rendered":"Concert du groupe Rev\u00f3lver au th\u00e9\u00e2tre national Mohammed V"},"content":{"rendered":"<header>\n<div class=\"entry-post-meta\">\n<div class=\"author-link\">Publi\u00e9 par <a itemprop=\"author\" itemscope=\"\" itemtype=\"https:\/\/schema.org\/Person\" href=\"http:\/\/aujourdhui.ma\/profile\/kaid\" rel=\"author\"><span itemprop=\"name\">ALM<\/span><\/a><\/div>\n<p>Date\u00a0:<time content=\"2019-06-05T09:05:12+00:00\" class=\"entry-date updated\" datetime=\"2019-06-05T09:05:12+00:00\">juin 05, 2019<\/time><\/p>\n<div class=\"entry-cat\">dans:<a href=\"http:\/\/aujourdhui.ma\/category\/culture\/musique\" rel=\"category tag\">Musique<\/a><\/div>\n<p>2Vues<\/p>\n<\/div>\n<\/header>\n<div class=\"entry-content clearfix\" readability=\"48\"><img decoding=\"async\" class=\"post_layout_5_img\" src=\"http:\/\/aujourdhui.ma\/wp-content\/uploads\/2019\/06\/Concert-du-groupe-Revo%CC%81lver-au-the%CC%81a%CC%82tre-national-Mohammed-V-.jpg?x29840\" alt=\"Concert du groupe Rev\u00f3lver au th\u00e9\u00e2tre national Mohammed V\"\/><\/p>\n<p class=\"p1\"><span class=\"s1\"><span class=\"c4\"><strong>Le groupe espagnol Rev\u00f3lver se produira le mercredi 12 juin au Th\u00e9\u00e2tre National Mohammed V de Rabat.<\/strong><\/span><\/span> <span id=\"more-312392\"\/><\/p>\n<p class=\"p1\"><span class=\"s1\">Carlos Go\u00f1i est n\u00e9 en 1961 dans le quartier madril\u00e8ne de Las Ventas \u00e0 Madrid. \u00c0 18 ans, il d\u00e9bute sa carri\u00e8re musicale en tant que compositeur et guitariste. En janvier 1989, il a fond\u00e9 et sign\u00e9 pour la multinationale Warner Music Spain.<\/span><\/p>\n<p class=\"p1\"><span class=\"s1\">Au cours des ann\u00e9es et jusqu\u2019\u00e0 pr\u00e9sent, Rev\u00f3lver deviendra le timbre d\u2019identit\u00e9 de Carlos Go\u00f1i, servant de pseudonyme lors de la publication de ses albums. Son travail Argan, enti\u00e8rement enregistr\u00e9 \u00e0 Marrakech avec des contributions de musiciens marocains, est un autre exemple de son int\u00e9r\u00eat musical pour la combinaison du rock avec la musique africaine.<\/span><\/p>\n<\/div>\n<p>Auteur: ALM<br \/>\n<a href=\"http:\/\/aujourdhui.ma\/culture\/musique\/concert-du-groupe-revolver-au-theatre-national-mohammed-v\">Cliquez ici pour lire l&rsquo;article depuis sa source.<\/a><\/p>\n","protected":false},"excerpt":{"rendered":"<p>Publi\u00e9 par ALM Date\u00a0:juin 05, 2019 dans:Musique 2Vues Le groupe espagnol Rev\u00f3lver se produira le mercredi 12 juin au Th\u00e9\u00e2tre National Mohammed V de Rabat. Carlos Go\u00f1i est n\u00e9 en 1961 dans le quartier madril\u00e8ne de Las Ventas \u00e0 Madrid. \u00c0 18 ans, il d\u00e9bute sa carri\u00e8re musicale en tant que compositeur et guitariste. En [&hellip;]<\/p>\n","protected":false},"author":1759,"featured_media":0,"comment_status":"closed","ping_status":"closed","sticky":false,"template":"","format":"standard","meta":{"fifu_image_url":"","fifu_image_alt":"","footnotes":""},"categories":[73,54],"tags":[],"class_list":["post-38796","post","type-post","status-publish","format-standard","hentry","category-actualite","category-maroc"],"_links":{"self":[{"href":"https:\/\/linitiative.ca\/International\/wp-json\/wp\/v2\/posts\/38796","targetHints":{"allow":["GET"]}}],"collection":[{"href":"https:\/\/linitiative.ca\/International\/wp-json\/wp\/v2\/posts"}],"about":[{"href":"https:\/\/linitiative.ca\/International\/wp-json\/wp\/v2\/types\/post"}],"author":[{"embeddable":true,"href":"https:\/\/linitiative.ca\/International\/wp-json\/wp\/v2\/users\/1759"}],"replies":[{"embeddable":true,"href":"https:\/\/linitiative.ca\/International\/wp-json\/wp\/v2\/comments?post=38796"}],"version-history":[{"count":0,"href":"https:\/\/linitiative.ca\/International\/wp-json\/wp\/v2\/posts\/38796\/revisions"}],"wp:attachment":[{"href":"https:\/\/linitiative.ca\/International\/wp-json\/wp\/v2\/media?parent=38796"}],"wp:term":[{"taxonomy":"category","embeddable":true,"href":"https:\/\/linitiative.ca\/International\/wp-json\/wp\/v2\/categories?post=38796"},{"taxonomy":"post_tag","embeddable":true,"href":"https:\/\/linitiative.ca\/International\/wp-json\/wp\/v2\/tags?post=38796"}],"curies":[{"name":"wp","href":"https:\/\/api.w.org\/{rel}","templated":true}]}}