{"id":38798,"date":"2019-06-05T05:05:45","date_gmt":"2019-06-05T09:05:45","guid":{"rendered":"https:\/\/linitiative.ca\/International\/emirates-sengage-envers-des-produits-innovants-et-durables\/"},"modified":"2019-06-05T05:05:45","modified_gmt":"2019-06-05T09:05:45","slug":"emirates-sengage-envers-des-produits-innovants-et-durables","status":"publish","type":"post","link":"https:\/\/linitiative.ca\/International\/emirates-sengage-envers-des-produits-innovants-et-durables\/","title":{"rendered":"Emirates s\u2019engage envers des produits innovants et durables"},"content":{"rendered":"<header>\n<div class=\"entry-post-meta\">\n<div class=\"author-link\">Publi\u00e9 par <a itemprop=\"author\" itemscope=\"\" itemtype=\"https:\/\/schema.org\/Person\" href=\"http:\/\/aujourdhui.ma\/profile\/kaid\" rel=\"author\"><span itemprop=\"name\">ALM<\/span><\/a><\/div>\n<p>Date\u00a0:<time content=\"2019-06-05T09:05:45+00:00\" class=\"entry-date updated\" datetime=\"2019-06-05T09:05:45+00:00\">juin 05, 2019<\/time><\/p>\n<div class=\"entry-cat\">dans:<a href=\"http:\/\/aujourdhui.ma\/category\/economie\" rel=\"category tag\">Economie<\/a><\/div>\n<p>1Vues<\/p>\n<\/div>\n<\/header>\n<div class=\"entry-content clearfix\" readability=\"44\"><img decoding=\"async\" class=\"post_layout_5_img\" src=\"http:\/\/aujourdhui.ma\/wp-content\/uploads\/2019\/06\/Emirates.jpg?x29840\" alt=\"Emirates s\u2019engage envers des produits innovants et durables\"\/><\/p>\n<p class=\"p1\"><span class=\"c4\"><strong>Emirates Airline vient de lancer son programme de couvertures \u00e9cologiques fabriqu\u00e9es \u00e0 partir de bouteilles en plastique 100% recycl\u00e9es.<\/strong><\/span><span id=\"more-312453\"\/><\/p>\n<p class=\"p1\">Dans un souci environnemental, la compagnie a\u00e9rienne a donc \u00e9labor\u00e9 ces couvertures qui seront destin\u00e9es \u00e0 ses passagers en classe \u00e9conomique sur les long-courriers.<\/p>\n<p class=\"p1\"><em>\u00ab\u00c0 la fin de 2019, les couvertures Emirates ecothread auront permis de sauver 88 millions de bouteilles en plastique des sites d\u2019enfouissement \u2013 ce qui \u00e9quivaut au poids de 44 avions A380\u00bb,<\/em> indique Emirates dans un r\u00e9cent communiqu\u00e9 pr\u00e9cisant que cette initiative en fait le plus grand programme de couverture \u00e9cologique de bord dans l\u2019industrie du transport a\u00e9rien.<\/p>\n<\/div>\n<p>Auteur: ALM<br \/>\n<a href=\"http:\/\/aujourdhui.ma\/economie\/emirates-sengage-envers-des-produits-innovants-et-durables\">Cliquez ici pour lire l&rsquo;article depuis sa source.<\/a><\/p>\n","protected":false},"excerpt":{"rendered":"<p>Publi\u00e9 par ALM Date\u00a0:juin 05, 2019 dans:Economie 1Vues Emirates Airline vient de lancer son programme de couvertures \u00e9cologiques fabriqu\u00e9es \u00e0 partir de bouteilles en plastique 100% recycl\u00e9es. Dans un souci environnemental, la compagnie a\u00e9rienne a donc \u00e9labor\u00e9 ces couvertures qui seront destin\u00e9es \u00e0 ses passagers en classe \u00e9conomique sur les long-courriers. \u00ab\u00c0 la fin de [&hellip;]<\/p>\n","protected":false},"author":1759,"featured_media":0,"comment_status":"closed","ping_status":"closed","sticky":false,"template":"","format":"standard","meta":{"fifu_image_url":"","fifu_image_alt":"","footnotes":""},"categories":[73,54],"tags":[],"class_list":["post-38798","post","type-post","status-publish","format-standard","hentry","category-actualite","category-maroc"],"_links":{"self":[{"href":"https:\/\/linitiative.ca\/International\/wp-json\/wp\/v2\/posts\/38798","targetHints":{"allow":["GET"]}}],"collection":[{"href":"https:\/\/linitiative.ca\/International\/wp-json\/wp\/v2\/posts"}],"about":[{"href":"https:\/\/linitiative.ca\/International\/wp-json\/wp\/v2\/types\/post"}],"author":[{"embeddable":true,"href":"https:\/\/linitiative.ca\/International\/wp-json\/wp\/v2\/users\/1759"}],"replies":[{"embeddable":true,"href":"https:\/\/linitiative.ca\/International\/wp-json\/wp\/v2\/comments?post=38798"}],"version-history":[{"count":0,"href":"https:\/\/linitiative.ca\/International\/wp-json\/wp\/v2\/posts\/38798\/revisions"}],"wp:attachment":[{"href":"https:\/\/linitiative.ca\/International\/wp-json\/wp\/v2\/media?parent=38798"}],"wp:term":[{"taxonomy":"category","embeddable":true,"href":"https:\/\/linitiative.ca\/International\/wp-json\/wp\/v2\/categories?post=38798"},{"taxonomy":"post_tag","embeddable":true,"href":"https:\/\/linitiative.ca\/International\/wp-json\/wp\/v2\/tags?post=38798"}],"curies":[{"name":"wp","href":"https:\/\/api.w.org\/{rel}","templated":true}]}}