{"id":38800,"date":"2019-06-05T03:47:04","date_gmt":"2019-06-05T07:47:04","guid":{"rendered":"https:\/\/linitiative.ca\/International\/tunisie-205-ha-de-ble-et-dorge-reduits-en-cendres-lors-dincendies-a-siliana\/"},"modified":"2019-06-05T03:47:04","modified_gmt":"2019-06-05T07:47:04","slug":"tunisie-205-ha-de-ble-et-dorge-reduits-en-cendres-lors-dincendies-a-siliana","status":"publish","type":"post","link":"https:\/\/linitiative.ca\/International\/tunisie-205-ha-de-ble-et-dorge-reduits-en-cendres-lors-dincendies-a-siliana\/","title":{"rendered":"Tunisie: 20,5 ha de bl\u00e9 et d\u2019orge r\u00e9duits en cendres lors d\u2019incendies \u00e0 Siliana"},"content":{"rendered":"<div class=\"post-cont-in left relative\">\n<div class=\"swp_social_panel swp_horizontal_panel swp_flat_fresh swp_default_full_color swp_individual_full_color swp_other_full_color scale-100 scale-\" data-min-width=\"1100\" data-float-color=\"#ffffff\" data-float=\"none\" data-float-mobile=\"none\" data-transition=\"slide\">\n<div class=\"nc_tweetContainer swp_share_button total_shares total_sharesalt\"><span class=\"swp_count\">99 <span class=\"swp_label\">Partages<\/span><\/span><\/div>\n<\/div>\n<p>Les unit\u00e9s de protection civile du d\u00e9partement r\u00e9gional de la protection civile de Siliana et les agents de la protection civile appartenant \u00e0 la d\u00e9l\u00e9gation de Makthar ont r\u00e9ussi mardi soir, 4 juin 2019, \u00e0 ma\u00eetriser un incendie qui a touch\u00e9 un demi-hectare d\u2019orge \u00e0 Khalisa, d\u00e9l\u00e9gation sud de Siliana.<\/p>\n<p>Les agents de la protection civile de Gaafour et Krib ont r\u00e9ussi \u00e0 circonscrire un deuxi\u00e8me grand incendie mardi, dans la r\u00e9gion de Rahahneh de la d\u00e9l\u00e9gation de Gaafour, apr\u00e8s avoir consum\u00e9 20 hectares de bl\u00e9.<\/p>\n<div class=\"code-block code-block-1 c3\"><ins class=\"adsbygoogle c2\" data-ad-layout=\"in-article\" data-ad-format=\"fluid\" data-ad-client=\"ca-pub-2102118777505746\" data-ad-slot=\"7301775417\"\/> <\/div>\n<p>Le directeur r\u00e9gional de la Protection civile, le colonel-major Adel Labidi a d\u00e9clar\u00e9 qu\u2019une \u00e9tincelle des terres agricoles \u00e9tait la cause de ces incendies, en particulier avec les temp\u00e9ratures \u00e9lev\u00e9es qui atteignent 37 degr\u00e9s aujourd\u2019hui, appelant \u00e0 une acc\u00e9l\u00e9ration du d\u00e9marrage des op\u00e9rations\u00a0de r\u00e9colte avec la n\u00e9cessit\u00e9 d\u2019inspecter les engins agricoles avant leur utilisation, ainsi que de choisir des temps de r\u00e9colte appropri\u00e9s en tenant compte de la hausse des temp\u00e9ratures.<\/p>\n<div class=\"mvp-org-wrap mvp-org-logo\" itemprop=\"publisher\" itemscope=\"\" itemtype=\"https:\/\/schema.org\/Organization\"><img decoding=\"async\" src=\"https:\/\/www.tunisienumerique.com\/wp-content\/uploads\/2017\/02\/logo_tunisie_numerique.png\"\/><\/div>\n<div class=\"swp_social_panel swp_horizontal_panel swp_flat_fresh swp_default_full_color swp_individual_full_color swp_other_full_color scale-100 scale-\" data-min-width=\"1100\" data-float-color=\"#ffffff\" data-float=\"none\" data-float-mobile=\"none\" data-transition=\"slide\">\n<div class=\"nc_tweetContainer swp_share_button total_shares total_sharesalt\"><span class=\"swp_count\">99 <span class=\"swp_label\">Partages<\/span><\/span><\/div>\n<\/div>\n<div class=\"mvp-related-posts left relative\">\n<h4 class=\"post-header\"><span class=\"post-header\">Lire aussi<\/span><\/h4>\n<\/div>\n<\/div>\n<p>Auteur: Mourad S<br \/>\n<a href=\"https:\/\/www.tunisienumerique.com\/tunisie-205-ha-de-ble-et-dorge-reduits-en-cendres-lors-dincendies-a-siliana\/\">Cliquez ici pour lire l&rsquo;article depuis sa source.<\/a><\/p>\n","protected":false},"excerpt":{"rendered":"<p>99 Partages Les unit\u00e9s de protection civile du d\u00e9partement r\u00e9gional de la protection civile de Siliana et les agents de la protection civile appartenant \u00e0 la d\u00e9l\u00e9gation de Makthar ont r\u00e9ussi mardi soir, 4 juin 2019, \u00e0 ma\u00eetriser un incendie qui a touch\u00e9 un demi-hectare d\u2019orge \u00e0 Khalisa, d\u00e9l\u00e9gation sud de Siliana. Les agents de [&hellip;]<\/p>\n","protected":false},"author":1789,"featured_media":38805,"comment_status":"closed","ping_status":"closed","sticky":false,"template":"","format":"standard","meta":{"fifu_image_url":"","fifu_image_alt":"","footnotes":""},"categories":[73,55],"tags":[],"class_list":["post-38800","post","type-post","status-publish","format-standard","has-post-thumbnail","hentry","category-actualite","category-tunisie"],"_links":{"self":[{"href":"https:\/\/linitiative.ca\/International\/wp-json\/wp\/v2\/posts\/38800","targetHints":{"allow":["GET"]}}],"collection":[{"href":"https:\/\/linitiative.ca\/International\/wp-json\/wp\/v2\/posts"}],"about":[{"href":"https:\/\/linitiative.ca\/International\/wp-json\/wp\/v2\/types\/post"}],"author":[{"embeddable":true,"href":"https:\/\/linitiative.ca\/International\/wp-json\/wp\/v2\/users\/1789"}],"replies":[{"embeddable":true,"href":"https:\/\/linitiative.ca\/International\/wp-json\/wp\/v2\/comments?post=38800"}],"version-history":[{"count":0,"href":"https:\/\/linitiative.ca\/International\/wp-json\/wp\/v2\/posts\/38800\/revisions"}],"wp:featuredmedia":[{"embeddable":true,"href":"https:\/\/linitiative.ca\/International\/wp-json\/"}],"wp:attachment":[{"href":"https:\/\/linitiative.ca\/International\/wp-json\/wp\/v2\/media?parent=38800"}],"wp:term":[{"taxonomy":"category","embeddable":true,"href":"https:\/\/linitiative.ca\/International\/wp-json\/wp\/v2\/categories?post=38800"},{"taxonomy":"post_tag","embeddable":true,"href":"https:\/\/linitiative.ca\/International\/wp-json\/wp\/v2\/tags?post=38800"}],"curies":[{"name":"wp","href":"https:\/\/api.w.org\/{rel}","templated":true}]}}