{"id":38801,"date":"2019-06-05T08:06:00","date_gmt":"2019-06-05T12:06:00","guid":{"rendered":"https:\/\/linitiative.ca\/International\/cet-aid-absolument-exceptionnel-pour-nos-47-medecins-tunisiens-et-leurs-familles-en-afrique-du-sud-photos\/"},"modified":"2019-06-05T08:06:00","modified_gmt":"2019-06-05T12:06:00","slug":"cet-aid-absolument-exceptionnel-pour-nos-47-medecins-tunisiens-et-leurs-familles-en-afrique-du-sud-photos","status":"publish","type":"post","link":"https:\/\/linitiative.ca\/International\/cet-aid-absolument-exceptionnel-pour-nos-47-medecins-tunisiens-et-leurs-familles-en-afrique-du-sud-photos\/","title":{"rendered":"Cet A\u00efd absolument exceptionnel pour nos 47 m\u00e9decins tunisiens et leurs familles en Afrique du Sud (Photos)"},"content":{"rendered":"<p><span class=\"c2\"><em><strong>Pretoria \u2013 Correspondance particuli\u00e8re pour<\/strong><\/em> <strong>Leaders.<\/strong><\/span> <em><span class=\"c2\"><span class=\"c3\">Encore un succ\u00e8s, discret, pour la diplomatie tunisienne aux quatre coins du monde.<\/span>\u00a0<\/span><\/em>Jamais ils n\u2019auront c\u00e9l\u00e9br\u00e9 avec pareille joie une f\u00eate d\u2019A\u00efd depuis de longues ann\u00e9es. Les 47 m\u00e9decins tunisiens et leurs familles install\u00e9s en Afrique du Sud depuis plus de 12 ans, vivaient dans l\u2019incertitude du renouvellement de <a href=\"https:\/\/www.leaders.com.tn\/article\/26133-comment-des-medecins-tunisiens-etaient-envoyes-en-afrique-du-sud\">l\u2019accord de coop\u00e9ration<\/a>\u00a0de coop\u00e9ration technique conclu entre les deux pays en mai 2007. Arrivant \u00e0 expiration, les autorit\u00e9s sud-africaines ont pr\u00e9venu leurs homologues tunisiennes de sa non-reconduction, malgr\u00e9 la haute appr\u00e9ciation, maintes fois soulign\u00e9e, de la mission m\u00e9dicale tunisienne. Motif invoqu\u00e9 de cette d\u00e9cision qui s\u2019\u00e9tend \u00e0 d\u2019autres missions (Cuba, Iran, \u2026), des contraintes budg\u00e9taires.<\/p>\n<h2>Le blocage \u00e9tait total<\/h2>\n<p>\u00ab\u00a0Notre d\u00e9sarroi est total, confie \u00e0 Leaders, <a href=\"https:\/\/www.leaders.com.tn\/article\/26132-dr-adnene-fhima-de-msaken-au-coeur-de-la-foret\">Dr Adnene Fhima<\/a>, arriv\u00e9 en septembre et install\u00e9 actuellement \u00e0 Tzaneen, \u00e0 400 km de Johannesburg. P\u00e8re de trois enfants, qui poursuivent leurs \u00e9tudes en anglais et afrikaner, comment vais-je faire pour les convertir \u00e0 l\u2019enseignement tunisien\u00a0?\u00a0\u00bb C\u2019est ce qui taraude tous ses confr\u00e8res, surtout qu\u2019ils doivent quitter l\u2019Afrique du Sud. S\u2019ils peuvent obtenir des postes dans la sant\u00e9 publique et celle priv\u00e9e, ils ne pourront continuer \u00e0 r\u00e9sider dans leur pays d\u2019accueil, faute d\u2019un permis de s\u00e9jour permanent et d\u2019une inscription au Conseil de l\u2019Ordre des M\u00e9decins, sans oublier les frais de scolarit\u00e9 tr\u00e8s \u00e9lev\u00e9s pour les \u00e9trangers. Au total, avec les membres de leurs familles, ils sont pas moins de 120 personnes concern\u00e9es (sur <a href=\"https:\/\/www.leaders.com.tn\/article\/26119-ces-tunisiens-au-coeur-de-l-afrique-du-sud\">les 400 Tunisiens dans la r\u00e9gion<\/a>, immatricul\u00e9s sur le registre consulaires). Le blocage est total.<\/p>\n<h2>A c\u0153ur vaillant\u2026<\/h2>\n<p>Sauf que pour la diplomatie tunisienne, rien d\u2019impossible, ou presque. Saisie de cette pressante questions, l\u2019ambassadeur de Tunisie \u00e0 Pretoria, Narjess Dridi, instruite par le Ministre des Affaires \u00e9trang\u00e8res, Khemaies Jhinaoui, prendra le dossier \u00e0 bras le corps, s\u2019ing\u00e9niant \u00e0 lui trouver l\u2019heureuse issue escompt\u00e9e. Multipliant les d\u00e9marches aupr\u00e8s des autorit\u00e9s sud-africaines, \u00e0 tous les niveaux, enchainant entretiens et s\u00e9ances de travail, elle s\u2019emploiera \u00e0 trouver le fil d\u2019Ariane, gu\u00e8re facile. Il s\u2019agit en effet de parvenir \u00e0 un arrangement particulier \u00e0 travers le minist\u00e8re des Affaires \u00e9trang\u00e8res, avec les minist\u00e8res de la Sant\u00e9 et de l\u2019Int\u00e9rieur, ainsi que le Conseil de l\u2019Ordre des M\u00e9decins. Au d\u00e9part, le verrouillage \u00e9tait herm\u00e9tique, mais l\u2019ambassadeur saura se frayer le bon chemin, n\u2019h\u00e9sitant pas \u00e0 solliciter et obtenir l\u2019appui les hautes autorit\u00e9s, jusqu\u2019au pr\u00e9sident de la R\u00e9publique, Cyril Ramaphosa.<\/p>\n<p class=\"c4\"><img loading=\"lazy\" decoding=\"async\" src=\"\/uploads\/FCK_files\/Viceministre.jpg\" alt=\"\" width=\"700\" vspace=\"5\" align=\"middle\" hspace=\"5\" height=\"427\"\/><\/p>\n<p class=\"c4\"><img loading=\"lazy\" decoding=\"async\" src=\"\/uploads\/FCK_files\/vice-ministre2.jpg\" alt=\"\" width=\"700\" vspace=\"5\" align=\"middle\" hspace=\"5\" height=\"427\"\/><\/p>\n<p>Tout finira par se conclure heureusement. Tous les m\u00e9decins tunisiens d\u00e9p\u00each\u00e9s en Afrique du Sud obtiennent ainsi que leurs familles des titres de r\u00e9sidence permanente, l\u2019inscription au Conseil de l\u2019Ordre, la possibilit\u00e9 pour eux d\u2019exercer dans le secteur de la sant\u00e9, publique et priv\u00e9e et pour leurs conjointes de travailler. Leurs enfants seront scolaris\u00e9s aux m\u00eames frais que ceux sud-africains, et non aux tarifs tr\u00e8s \u00e9lev\u00e9s pour les \u00e9trangers. Bref la totale.<\/p>\n<h2>Une c\u00e9l\u00e9bration en grande f\u00eate<\/h2>\n<p>Joignant l\u2019acte \u00e0 la parole, l\u2019ambassade de Tunisie \u00e0 Pretoria et les autorit\u00e9s sud-africaines ont proc\u00e9d\u00e9 \u00e0 la mise en \u0153uvre de cet accord, in\u00e9dit dans le pays. C\u2019est ainsi que les 47 m\u00e9decins et leurs familles ont \u00e9t\u00e9 re\u00e7us le 11 avril dernier pour obtenir leurs titres de s\u00e9jour et inscription au Conseil de l\u2019Ordre. Formalit\u00e9s accomplies, ils \u00e9taient r\u00e9unis \u00e0 l\u2019ambassade de Tunisie pour c\u00e9l\u00e9brer en grande f\u00eate ce brillant succ\u00e8s diplomatique. Au nom des autorit\u00e9s sud-africaines, le vice-ministre de la Sant\u00e9, Joe Phaala, s\u2019est vivement f\u00e9licit\u00e9 de l\u2019aboutissement de cet accord, rendant un vibrant hommage aux m\u00e9decins Tunisiens. \u00ab\u00a0Acceptant de servir dans des localit\u00e9s tr\u00e8s \u00e9loign\u00e9es, faisant montre de comp\u00e9tence et de d\u00e9vouement, ils ont apport\u00e9 au syst\u00e8me de sant\u00e9 un appui substantiel et honor\u00e9 la Tunisie\u00a0\u00bb, dira-t-il. \u00ab\u00a0L\u2019Afrique du Sud est heureuse de pouvoir continuer \u00e0 compter sur eux, qu\u2019ils y soient les bienvenus, au-m\u00eame titre que leurs conf\u00e8res locaux\u00a0\u00bb, ajoutera-t-il.<\/p>\n<p class=\"c4\"><img loading=\"lazy\" decoding=\"async\" src=\"\/uploads\/FCK_files\/Remise-des-documenst.jpg\" class=\"c5\" alt=\"\" width=\"700\" vspace=\"5\" align=\"middle\" hspace=\"5\" height=\"427\"\/><\/p>\n<p>De son c\u00f4t\u00e9, la pr\u00e9sidente du Conseil de l\u2019Ordre des M\u00e9decins a souhait\u00e9 la bienvenue \u00e0 ses nouveaux membres les assurant du plein appui de l\u2019Ordre et leur souhaitant plein succ\u00e8s.\u00a0\u00bb<\/p>\n<p class=\"c4\"><img loading=\"lazy\" decoding=\"async\" src=\"\/uploads\/FCK_files\/Famille(1).jpg\" alt=\"\" width=\"700\" vspace=\"5\" align=\"middle\" hspace=\"5\" height=\"427\"\/><\/p>\n<p class=\"c4\"><img loading=\"lazy\" decoding=\"async\" src=\"\/uploads\/FCK_files\/remerciements.jpg\" alt=\"\" width=\"700\" vspace=\"5\" align=\"middle\" hspace=\"5\" height=\"427\"\/><\/p>\n<p>Pour l\u2019ambassadeur Narjess Dridi, c\u2019est moment de pur bonheur. Recevant les f\u00e9licitations des autorit\u00e9s sud-africaines, les compliments de ses pairs concern\u00e9s par la m\u00eame question, et la gratitude de la communaut\u00e9 tunisienne, elle parvenait mal \u00e0 cacher son \u00e9motion. Pour cette diplomate de carri\u00e8re qui aligne plus de 28 ans d\u2019exp\u00e9rience et en poste en Afrique du Sud depuis le 1er d\u00e9cembre 2016, ce d\u00e9nouement heureux restera un souvenir ind\u00e9l\u00e9bile. \u00ab\u00a0Elle sait que la Tunisie peut compter d\u00e9sormais sur un noyau dur d\u2019une communaut\u00e9 permanente dans la r\u00e9gion, souligne Dr Fehima, et que cet accord peut ouvrir la voie \u00e0 de nouvelles vagues de m\u00e9decins tunisiens qui s\u2019installeront en Afrique du Sud. En bonne diplomate, elle a sur servir les relations bilat\u00e9rales entre les deux pays.\u00a0\u00bb<\/p>\n<p>A\u00efd Mabrouk, depuis l&rsquo;Afrique du Sud.<\/p>\n<p><span class=\"c2\"><strong>Lire aussi:<\/strong><\/span><\/p>\n<p>Auteur:<br \/>\n<a href=\"https:\/\/www.leaders.com.tn\/article\/27242-l-aid-absolument-exceptionnel-de-nos-47-medecins-tunisiens-et-leurs-familles-en-afrique-du-sud-photos\">Cliquez ici pour lire l&rsquo;article depuis sa source.<\/a><\/p>\n","protected":false},"excerpt":{"rendered":"<p>Pretoria \u2013 Correspondance particuli\u00e8re pour Leaders. Encore un succ\u00e8s, discret, pour la diplomatie tunisienne aux quatre coins du monde.\u00a0Jamais ils n\u2019auront c\u00e9l\u00e9br\u00e9 avec pareille joie une f\u00eate d\u2019A\u00efd depuis de longues ann\u00e9es. Les 47 m\u00e9decins tunisiens et leurs familles install\u00e9s en Afrique du Sud depuis plus de 12 ans, vivaient dans l\u2019incertitude du renouvellement de [&hellip;]<\/p>\n","protected":false},"author":1772,"featured_media":38807,"comment_status":"closed","ping_status":"closed","sticky":false,"template":"","format":"standard","meta":{"fifu_image_url":"","fifu_image_alt":"","footnotes":""},"categories":[73,55],"tags":[],"class_list":["post-38801","post","type-post","status-publish","format-standard","has-post-thumbnail","hentry","category-actualite","category-tunisie"],"_links":{"self":[{"href":"https:\/\/linitiative.ca\/International\/wp-json\/wp\/v2\/posts\/38801","targetHints":{"allow":["GET"]}}],"collection":[{"href":"https:\/\/linitiative.ca\/International\/wp-json\/wp\/v2\/posts"}],"about":[{"href":"https:\/\/linitiative.ca\/International\/wp-json\/wp\/v2\/types\/post"}],"author":[{"embeddable":true,"href":"https:\/\/linitiative.ca\/International\/wp-json\/wp\/v2\/users\/1772"}],"replies":[{"embeddable":true,"href":"https:\/\/linitiative.ca\/International\/wp-json\/wp\/v2\/comments?post=38801"}],"version-history":[{"count":0,"href":"https:\/\/linitiative.ca\/International\/wp-json\/wp\/v2\/posts\/38801\/revisions"}],"wp:featuredmedia":[{"embeddable":true,"href":"https:\/\/linitiative.ca\/International\/wp-json\/"}],"wp:attachment":[{"href":"https:\/\/linitiative.ca\/International\/wp-json\/wp\/v2\/media?parent=38801"}],"wp:term":[{"taxonomy":"category","embeddable":true,"href":"https:\/\/linitiative.ca\/International\/wp-json\/wp\/v2\/categories?post=38801"},{"taxonomy":"post_tag","embeddable":true,"href":"https:\/\/linitiative.ca\/International\/wp-json\/wp\/v2\/tags?post=38801"}],"curies":[{"name":"wp","href":"https:\/\/api.w.org\/{rel}","templated":true}]}}